{"id":367240,"date":"2018-12-14T21:16:25","date_gmt":"2018-12-15T03:16:25","guid":{"rendered":"http:\/\/diarioavancetabasco.com\/?p=367240"},"modified":"2018-12-14T21:16:25","modified_gmt":"2018-12-15T03:16:25","slug":"estado-islamico-reivindica-atentado","status":"publish","type":"post","link":"https:\/\/diarioavancetabasco.com\/?p=367240","title":{"rendered":"Estado Isl\u00e1mico  reivindica atentado"},"content":{"rendered":"<style type=\"text\/css\"><!--\np.p1 {margin: 0.0px 0.0px 0.0px 0.0px; text-align: justify; line-height: 10.0px; font: 10.0px Whitman}\np.p2 {margin: 0.0px 0.0px 0.0px 0.0px; text-align: justify; text-indent: 6.0px; line-height: 10.0px; font: 10.0px Whitman}\nspan.s1 {letter-spacing: -0.3px}\n--><\/style>\n<p>El Estado Isl\u00e1mico (EI) reivindic\u00f3 hoy, a trav\u00e9s de su agencia de propaganda Amaq, el atentado del martes pasado contra el mercado navide\u00f1o de la ciudad francesa de Estrasburgo, cometido por un ciudadano franc\u00e9s.<\/p>\n<p>En un comunicado, el EI afirm\u00f3 que el autor del ataque, Ch\u00e9rif Chekatt, franc\u00e9s de 29 a\u00f1os de edad, que fue abatido a tiros la noche pasada por la polic\u00eda luego de dos d\u00edas en fuga, era un \u201csoldado\u201d del grupo yihadista.<\/p>\n<p>De acuerdo al bolet\u00edn, Ch\u00e9rif Chekatt \u201crealiz\u00f3 el operativo en respuesta al llamado a atacar a los ciudadanos de la coalici\u00f3n internacional\u201d que combate al EI en Irak y Siria, y de la que forma parte Francia.<\/p>\n","protected":false},"excerpt":{"rendered":"<p>El Estado Isl\u00e1mico (EI) reivindic\u00f3 hoy, a trav\u00e9s de su agencia de propaganda Amaq, el atentado del martes pasado contra el mercado navide\u00f1o de la ciudad francesa de Estrasburgo, cometido por un ciudadano franc\u00e9s. En un comunicado, el EI afirm\u00f3 que el autor del ataque, Ch\u00e9rif Chekatt, franc\u00e9s de 29 a\u00f1os de edad, que fue [&hellip;]<\/p>\n","protected":false},"author":2,"featured_media":367235,"comment_status":"closed","ping_status":"closed","sticky":false,"template":"","format":"standard","meta":{"footnotes":""},"categories":[4],"tags":[],"class_list":["post-367240","post","type-post","status-publish","format-standard","has-post-thumbnail","hentry","category-mundo"],"_links":{"self":[{"href":"https:\/\/diarioavancetabasco.com\/index.php?rest_route=\/wp\/v2\/posts\/367240","targetHints":{"allow":["GET"]}}],"collection":[{"href":"https:\/\/diarioavancetabasco.com\/index.php?rest_route=\/wp\/v2\/posts"}],"about":[{"href":"https:\/\/diarioavancetabasco.com\/index.php?rest_route=\/wp\/v2\/types\/post"}],"author":[{"embeddable":true,"href":"https:\/\/diarioavancetabasco.com\/index.php?rest_route=\/wp\/v2\/users\/2"}],"replies":[{"embeddable":true,"href":"https:\/\/diarioavancetabasco.com\/index.php?rest_route=%2Fwp%2Fv2%2Fcomments&post=367240"}],"version-history":[{"count":1,"href":"https:\/\/diarioavancetabasco.com\/index.php?rest_route=\/wp\/v2\/posts\/367240\/revisions"}],"predecessor-version":[{"id":367241,"href":"https:\/\/diarioavancetabasco.com\/index.php?rest_route=\/wp\/v2\/posts\/367240\/revisions\/367241"}],"wp:featuredmedia":[{"embeddable":true,"href":"https:\/\/diarioavancetabasco.com\/index.php?rest_route=\/wp\/v2\/media\/367235"}],"wp:attachment":[{"href":"https:\/\/diarioavancetabasco.com\/index.php?rest_route=%2Fwp%2Fv2%2Fmedia&parent=367240"}],"wp:term":[{"taxonomy":"category","embeddable":true,"href":"https:\/\/diarioavancetabasco.com\/index.php?rest_route=%2Fwp%2Fv2%2Fcategories&post=367240"},{"taxonomy":"post_tag","embeddable":true,"href":"https:\/\/diarioavancetabasco.com\/index.php?rest_route=%2Fwp%2Fv2%2Ftags&post=367240"}],"curies":[{"name":"wp","href":"https:\/\/api.w.org\/{rel}","templated":true}]}}