{"id":367326,"date":"2018-12-16T20:33:01","date_gmt":"2018-12-17T02:33:01","guid":{"rendered":"http:\/\/diarioavancetabasco.com\/?p=367326"},"modified":"2018-12-16T20:33:01","modified_gmt":"2018-12-17T02:33:01","slug":"maduro-no-fue-invitado-a-investidura-de-bolsonaro","status":"publish","type":"post","link":"https:\/\/diarioavancetabasco.com\/?p=367326","title":{"rendered":"Maduro no fue invitado a investidura de Bolsonaro"},"content":{"rendered":"<style type=\"text\/css\"><!--\np.p1 {margin: 0.0px 0.0px 0.0px 0.0px; text-align: justify; line-height: 10.0px; font: 10.0px Whitman}\np.p2 {margin: 0.0px 0.0px 0.0px 0.0px; text-align: justify; text-indent: 6.0px; line-height: 10.0px; font: 10.0px Whitman}\nspan.s1 {letter-spacing: -0.2px}\n--><\/style>\n<p>El\u00a0futuro ministro de Relaciones Exteriores de Brasil, Ernesto Ara\u00fajo, anunci\u00f3 hoy que el\u00a0mandatario venezolano, Nicol\u00e1s Maduro,\u00a0no fue invitado\u00a0a la\u00a0investidura\u00a0del\u00a0presidente electo Jair Bolsonaro\u00a0el\u00a01 de enero\u00a0en\u00a0Brasilia\u00a0\u201cpor respeto al pueblo\u201d\u00a0de la naci\u00f3n caribe\u00f1a.<\/p>\n<p>Por respeto al pueblo venezolano, no invitamos a Nicol\u00e1s Maduro para la investidura del PR (presidente electo) Bolsonaro. No hay lugar para Maduro en una celebraci\u00f3n de la democracia y del triunfo de la voluntad popular brasile\u00f1a\u201d, dijo Ara\u00fajo en sus redes sociales.<\/p>\n<p>El\u00a0pr\u00f3ximo jefe de la diplomacia brasile\u00f1a\u00a0inst\u00f3 adem\u00e1s a que\u00a0\u201ctodos los pa\u00edses del mundo\u201d dejen de apoyar a Maduro\u00a0y se unan\u00a0\u201cpara liberar a Venezuela\u201d, sin ofrecer mayores detalles.<\/p>\n<p>El comentario de Ara\u00fajo se produce d\u00edas despu\u00e9s de que Maduro implicase a Bolsonaro en un supuesto plan orquestado por Estados Unidos con objeto asesinarlo y poner fin a la revoluci\u00f3n bolivariana, a ra\u00edz de una reuni\u00f3n del gobernante electo con el asesor de Seguridad Nacional estadunidense, John Bolton.<\/p>\n<p>En ese encuentro, que se produjo a finales de noviembre en R\u00edo de Janeiro, Bolsonaro, l\u00edder de la emergente extrema derecha en Brasil, y Bolton debatieron, entre otros asuntos, \u201cmedidas\u201d para hacer frente a la crisis en Venezuela, aunque no se especificaron cu\u00e1les.<\/p>\n","protected":false},"excerpt":{"rendered":"<p>El\u00a0futuro ministro de Relaciones Exteriores de Brasil, Ernesto Ara\u00fajo, anunci\u00f3 hoy que el\u00a0mandatario venezolano, Nicol\u00e1s Maduro,\u00a0no fue invitado\u00a0a la\u00a0investidura\u00a0del\u00a0presidente electo Jair Bolsonaro\u00a0el\u00a01 de enero\u00a0en\u00a0Brasilia\u00a0\u201cpor respeto al pueblo\u201d\u00a0de la naci\u00f3n caribe\u00f1a. Por respeto al pueblo venezolano, no invitamos a Nicol\u00e1s Maduro para la investidura del PR (presidente electo) Bolsonaro. No hay lugar para Maduro en una [&hellip;]<\/p>\n","protected":false},"author":2,"featured_media":367310,"comment_status":"closed","ping_status":"closed","sticky":false,"template":"","format":"standard","meta":{"footnotes":""},"categories":[4],"tags":[],"class_list":["post-367326","post","type-post","status-publish","format-standard","has-post-thumbnail","hentry","category-mundo"],"_links":{"self":[{"href":"https:\/\/diarioavancetabasco.com\/index.php?rest_route=\/wp\/v2\/posts\/367326","targetHints":{"allow":["GET"]}}],"collection":[{"href":"https:\/\/diarioavancetabasco.com\/index.php?rest_route=\/wp\/v2\/posts"}],"about":[{"href":"https:\/\/diarioavancetabasco.com\/index.php?rest_route=\/wp\/v2\/types\/post"}],"author":[{"embeddable":true,"href":"https:\/\/diarioavancetabasco.com\/index.php?rest_route=\/wp\/v2\/users\/2"}],"replies":[{"embeddable":true,"href":"https:\/\/diarioavancetabasco.com\/index.php?rest_route=%2Fwp%2Fv2%2Fcomments&post=367326"}],"version-history":[{"count":1,"href":"https:\/\/diarioavancetabasco.com\/index.php?rest_route=\/wp\/v2\/posts\/367326\/revisions"}],"predecessor-version":[{"id":367327,"href":"https:\/\/diarioavancetabasco.com\/index.php?rest_route=\/wp\/v2\/posts\/367326\/revisions\/367327"}],"wp:featuredmedia":[{"embeddable":true,"href":"https:\/\/diarioavancetabasco.com\/index.php?rest_route=\/wp\/v2\/media\/367310"}],"wp:attachment":[{"href":"https:\/\/diarioavancetabasco.com\/index.php?rest_route=%2Fwp%2Fv2%2Fmedia&parent=367326"}],"wp:term":[{"taxonomy":"category","embeddable":true,"href":"https:\/\/diarioavancetabasco.com\/index.php?rest_route=%2Fwp%2Fv2%2Fcategories&post=367326"},{"taxonomy":"post_tag","embeddable":true,"href":"https:\/\/diarioavancetabasco.com\/index.php?rest_route=%2Fwp%2Fv2%2Ftags&post=367326"}],"curies":[{"name":"wp","href":"https:\/\/api.w.org\/{rel}","templated":true}]}}