{"id":367330,"date":"2018-12-17T00:34:22","date_gmt":"2018-12-17T06:34:22","guid":{"rendered":"http:\/\/diarioavancetabasco.com\/?p=367330"},"modified":"2018-12-17T00:34:26","modified_gmt":"2018-12-17T06:34:26","slug":"pide-cardenal-aguiar-responsabilidad-social","status":"publish","type":"post","link":"https:\/\/diarioavancetabasco.com\/?p=367330","title":{"rendered":"Pide cardenal Aguiar,  responsabilidad social"},"content":{"rendered":"<p><!--\np.p1 {margin: 0.0px 0.0px 0.0px 0.0px; text-align: justify; line-height: 10.0px; font: 10.0px Whitman}\np.p2 {margin: 0.0px 0.0px 0.0px 0.0px; text-align: justify; text-indent: 6.0px; line-height: 10.0px; font: 10.0px Whitman}\nspan.s1 {letter-spacing: -0.4px}\n-->Al encabezar la tradicional misa dominical en la Bas\u00edlica de Guadalupe, el cardenal Carlos Aguiar Retes hizo un llamado a realizar un examen de conciencia previo a las fiestas por la Navidad, as\u00ed a como a ser responsables ante nuestras obligaciones con la sociedad.<\/p>\n<p>En su homil\u00eda, durante el Tercer Domingo de Adviento, el arzobispo primado de M\u00e9xico destac\u00f3 tambi\u00e9n la importancia de prepararse adecuadamente como cristianos para festejar el nacimiento de Cristo as\u00ed como a tener plena confianza en \u00e9l.<\/p>\n<p>Por otra parte, en el semanario cat\u00f3lico Desde la Fe se hizo un llamado a evitar la incertidumbre y el temor, as\u00ed como la soberbia en las acciones cotidianas que tienen impacto directo en el entorno social ante el panorama que actualmente vivimos como pa\u00eds<\/p>\n<p>Este panorama, para muchos desolador -por la descomposici\u00f3n social que ha ascendido a niveles inimaginables- es producto de nuestra soberbia y confianza total en nuestras solas fuerzas y capacidades de seres humanos, de la idea de que solos podemos enfrentar los desaf\u00edos terrenos\u201d, destac\u00f3 el texto.<\/p>\n","protected":false},"excerpt":{"rendered":"<p>Al encabezar la tradicional misa dominical en la Bas\u00edlica de Guadalupe, el cardenal Carlos Aguiar Retes hizo un llamado a realizar un examen de conciencia previo a las fiestas por la Navidad, as\u00ed a como a ser responsables ante nuestras obligaciones con la sociedad. En su homil\u00eda, durante el Tercer Domingo de Adviento, el arzobispo [&hellip;]<\/p>\n","protected":false},"author":2,"featured_media":367314,"comment_status":"closed","ping_status":"closed","sticky":false,"template":"","format":"standard","meta":{"footnotes":""},"categories":[3],"tags":[],"class_list":["post-367330","post","type-post","status-publish","format-standard","has-post-thumbnail","hentry","category-nacional"],"_links":{"self":[{"href":"https:\/\/diarioavancetabasco.com\/index.php?rest_route=\/wp\/v2\/posts\/367330","targetHints":{"allow":["GET"]}}],"collection":[{"href":"https:\/\/diarioavancetabasco.com\/index.php?rest_route=\/wp\/v2\/posts"}],"about":[{"href":"https:\/\/diarioavancetabasco.com\/index.php?rest_route=\/wp\/v2\/types\/post"}],"author":[{"embeddable":true,"href":"https:\/\/diarioavancetabasco.com\/index.php?rest_route=\/wp\/v2\/users\/2"}],"replies":[{"embeddable":true,"href":"https:\/\/diarioavancetabasco.com\/index.php?rest_route=%2Fwp%2Fv2%2Fcomments&post=367330"}],"version-history":[{"count":2,"href":"https:\/\/diarioavancetabasco.com\/index.php?rest_route=\/wp\/v2\/posts\/367330\/revisions"}],"predecessor-version":[{"id":367373,"href":"https:\/\/diarioavancetabasco.com\/index.php?rest_route=\/wp\/v2\/posts\/367330\/revisions\/367373"}],"wp:featuredmedia":[{"embeddable":true,"href":"https:\/\/diarioavancetabasco.com\/index.php?rest_route=\/wp\/v2\/media\/367314"}],"wp:attachment":[{"href":"https:\/\/diarioavancetabasco.com\/index.php?rest_route=%2Fwp%2Fv2%2Fmedia&parent=367330"}],"wp:term":[{"taxonomy":"category","embeddable":true,"href":"https:\/\/diarioavancetabasco.com\/index.php?rest_route=%2Fwp%2Fv2%2Fcategories&post=367330"},{"taxonomy":"post_tag","embeddable":true,"href":"https:\/\/diarioavancetabasco.com\/index.php?rest_route=%2Fwp%2Fv2%2Ftags&post=367330"}],"curies":[{"name":"wp","href":"https:\/\/api.w.org\/{rel}","templated":true}]}}