{"id":367334,"date":"2018-12-17T00:36:24","date_gmt":"2018-12-17T06:36:24","guid":{"rendered":"http:\/\/diarioavancetabasco.com\/?p=367334"},"modified":"2018-12-17T00:36:38","modified_gmt":"2018-12-17T06:36:38","slug":"ningun-incidente-en-la-zona-luz-en-lo-que-va-de-diciembre","status":"publish","type":"post","link":"https:\/\/diarioavancetabasco.com\/?p=367334","title":{"rendered":"Ning\u00fan incidente en la Zona Luz, en lo que va de diciembre"},"content":{"rendered":"<p><!--\np.p1 {margin: 0.0px 0.0px 0.0px 0.0px; text-align: justify; line-height: 10.0px; font: 10.0px Whitman}\np.p2 {margin: 0.0px 0.0px 0.0px 0.0px; text-align: justify; text-indent: 6.0px; line-height: 10.0px; font: 10.0px Whitman}\nspan.s1 {letter-spacing: -0.3px}\n-->Salvador Samperio Aguilar, encargado\u00a0de la Zona Luz, inform\u00f3 que en lo que va del mes de diciembre, no se ha registrado ni un solo incidente delictivo en el lugar.<\/p>\n<p>El funcionario municipal, \u00a0coment\u00f3 que desde inicios de este mes se duplic\u00f3 el n\u00famero de elementos policiacos que hacen labores de vigilancia en la zona, adem\u00e1s de la organizaci\u00f3n que mantienes comerciantes ante cualquier alerta.<\/p>\n<p>El funcionario municipal agreg\u00f3 que se est\u00e1 trabajando para hacer que la Zona Luz siga siendo un lugar seguro, e insisti\u00f3 en que no se han dado incidentes delictivos.<\/p>\n","protected":false},"excerpt":{"rendered":"<p>Salvador Samperio Aguilar, encargado\u00a0de la Zona Luz, inform\u00f3 que en lo que va del mes de diciembre, no se ha registrado ni un solo incidente delictivo en el lugar. El funcionario municipal, \u00a0coment\u00f3 que desde inicios de este mes se duplic\u00f3 el n\u00famero de elementos policiacos que hacen labores de vigilancia en la zona, adem\u00e1s [&hellip;]<\/p>\n","protected":false},"author":2,"featured_media":367318,"comment_status":"closed","ping_status":"closed","sticky":false,"template":"","format":"standard","meta":{"footnotes":""},"categories":[9],"tags":[],"class_list":["post-367334","post","type-post","status-publish","format-standard","has-post-thumbnail","hentry","category-politica"],"_links":{"self":[{"href":"https:\/\/diarioavancetabasco.com\/index.php?rest_route=\/wp\/v2\/posts\/367334","targetHints":{"allow":["GET"]}}],"collection":[{"href":"https:\/\/diarioavancetabasco.com\/index.php?rest_route=\/wp\/v2\/posts"}],"about":[{"href":"https:\/\/diarioavancetabasco.com\/index.php?rest_route=\/wp\/v2\/types\/post"}],"author":[{"embeddable":true,"href":"https:\/\/diarioavancetabasco.com\/index.php?rest_route=\/wp\/v2\/users\/2"}],"replies":[{"embeddable":true,"href":"https:\/\/diarioavancetabasco.com\/index.php?rest_route=%2Fwp%2Fv2%2Fcomments&post=367334"}],"version-history":[{"count":2,"href":"https:\/\/diarioavancetabasco.com\/index.php?rest_route=\/wp\/v2\/posts\/367334\/revisions"}],"predecessor-version":[{"id":367375,"href":"https:\/\/diarioavancetabasco.com\/index.php?rest_route=\/wp\/v2\/posts\/367334\/revisions\/367375"}],"wp:featuredmedia":[{"embeddable":true,"href":"https:\/\/diarioavancetabasco.com\/index.php?rest_route=\/wp\/v2\/media\/367318"}],"wp:attachment":[{"href":"https:\/\/diarioavancetabasco.com\/index.php?rest_route=%2Fwp%2Fv2%2Fmedia&parent=367334"}],"wp:term":[{"taxonomy":"category","embeddable":true,"href":"https:\/\/diarioavancetabasco.com\/index.php?rest_route=%2Fwp%2Fv2%2Fcategories&post=367334"},{"taxonomy":"post_tag","embeddable":true,"href":"https:\/\/diarioavancetabasco.com\/index.php?rest_route=%2Fwp%2Fv2%2Ftags&post=367334"}],"curies":[{"name":"wp","href":"https:\/\/api.w.org\/{rel}","templated":true}]}}