{"id":367340,"date":"2018-12-17T00:42:23","date_gmt":"2018-12-17T06:42:23","guid":{"rendered":"http:\/\/diarioavancetabasco.com\/?p=367340"},"modified":"2018-12-17T00:42:26","modified_gmt":"2018-12-17T06:42:26","slug":"ropa-y-regalos-para-clases-vulnerables","status":"publish","type":"post","link":"https:\/\/diarioavancetabasco.com\/?p=367340","title":{"rendered":"Ropa y regalos para clases vulnerables"},"content":{"rendered":"<p><!--\np.p1 {margin: 0.0px 0.0px 0.0px 0.0px; text-align: justify; line-height: 10.0px; font: 52.0px Whitman}\np.p2 {margin: 0.0px 0.0px 0.0px 0.0px; text-align: justify; line-height: 10.0px; font: 10.0px Whitman}\np.p3 {margin: 0.0px 0.0px 0.0px 0.0px; text-align: justify; text-indent: 6.0px; line-height: 10.0px; font: 10.0px Whitman}\nspan.s1 {letter-spacing: -0.1px}\n-->C\u00c1RDENAS, TAB.- Toda una sorpresa navide\u00f1a se llev\u00f3 un grupo de personas del municipio en condiciones de vulnerabilidad, que fueron invitados, quienes en conjunto con j\u00f3venes del grupo \u201cDibujando Sonrisas\u201d\u00a0 del poblado C-22 y liderados por Laura Itzel De la Cruz L\u00f3pez, Julissa Trujillo Gamas, convivieron un rico entrem\u00e9s, as\u00ed como recibieron ropa y regalos.<\/p>\n<p>El organizador del evento, Juan Carlos Gamas Olvera, menciono que con aportaciones de los funcionarios de gobierno y de ciudadanos del municipio \u201cse pudo hacer est\u00e1 peque\u00f1a convivencia con algunas personas en situaci\u00f3n de vulnerabilidad, donde estas personas son la prioridad de esta administraci\u00f3n\u201d afirm\u00f3.<\/p>\n<p>Para este sorpresivo detalle navide\u00f1o se visti\u00f3 de Fiesta Navide\u00f1a la entrada del Palacio Municipal, ambientada con la Marimba \u201cFlor de la Ca\u00f1a\u201d con la presencia de ni\u00f1os y adultos vulnerables de la ciudad, en el lugar compartieron en representaci\u00f3n del DIF Silvia Rebeca Sabrado Mart\u00ednez, presente tambi\u00e9n la Regidora Mar\u00eda Victoria Mart\u00ednez Caraveo y la Embajadora de Macuspana Leydi Blandin.<\/p>\n","protected":false},"excerpt":{"rendered":"<p>C\u00c1RDENAS, TAB.- Toda una sorpresa navide\u00f1a se llev\u00f3 un grupo de personas del municipio en condiciones de vulnerabilidad, que fueron invitados, quienes en conjunto con j\u00f3venes del grupo \u201cDibujando Sonrisas\u201d\u00a0 del poblado C-22 y liderados por Laura Itzel De la Cruz L\u00f3pez, Julissa Trujillo Gamas, convivieron un rico entrem\u00e9s, as\u00ed como recibieron ropa y regalos. [&hellip;]<\/p>\n","protected":false},"author":2,"featured_media":367311,"comment_status":"closed","ping_status":"closed","sticky":false,"template":"","format":"standard","meta":{"footnotes":""},"categories":[12],"tags":[],"class_list":["post-367340","post","type-post","status-publish","format-standard","has-post-thumbnail","hentry","category-municipios"],"_links":{"self":[{"href":"https:\/\/diarioavancetabasco.com\/index.php?rest_route=\/wp\/v2\/posts\/367340","targetHints":{"allow":["GET"]}}],"collection":[{"href":"https:\/\/diarioavancetabasco.com\/index.php?rest_route=\/wp\/v2\/posts"}],"about":[{"href":"https:\/\/diarioavancetabasco.com\/index.php?rest_route=\/wp\/v2\/types\/post"}],"author":[{"embeddable":true,"href":"https:\/\/diarioavancetabasco.com\/index.php?rest_route=\/wp\/v2\/users\/2"}],"replies":[{"embeddable":true,"href":"https:\/\/diarioavancetabasco.com\/index.php?rest_route=%2Fwp%2Fv2%2Fcomments&post=367340"}],"version-history":[{"count":2,"href":"https:\/\/diarioavancetabasco.com\/index.php?rest_route=\/wp\/v2\/posts\/367340\/revisions"}],"predecessor-version":[{"id":367378,"href":"https:\/\/diarioavancetabasco.com\/index.php?rest_route=\/wp\/v2\/posts\/367340\/revisions\/367378"}],"wp:featuredmedia":[{"embeddable":true,"href":"https:\/\/diarioavancetabasco.com\/index.php?rest_route=\/wp\/v2\/media\/367311"}],"wp:attachment":[{"href":"https:\/\/diarioavancetabasco.com\/index.php?rest_route=%2Fwp%2Fv2%2Fmedia&parent=367340"}],"wp:term":[{"taxonomy":"category","embeddable":true,"href":"https:\/\/diarioavancetabasco.com\/index.php?rest_route=%2Fwp%2Fv2%2Fcategories&post=367340"},{"taxonomy":"post_tag","embeddable":true,"href":"https:\/\/diarioavancetabasco.com\/index.php?rest_route=%2Fwp%2Fv2%2Ftags&post=367340"}],"curies":[{"name":"wp","href":"https:\/\/api.w.org\/{rel}","templated":true}]}}