{"id":367407,"date":"2018-12-18T00:44:47","date_gmt":"2018-12-18T06:44:47","guid":{"rendered":"http:\/\/diarioavancetabasco.com\/?p=367407"},"modified":"2018-12-18T00:44:51","modified_gmt":"2018-12-18T06:44:51","slug":"aumento-al-salario-marca-una-nueva-etapa-en-la-politica-laboral","status":"publish","type":"post","link":"https:\/\/diarioavancetabasco.com\/?p=367407","title":{"rendered":"Aumento al salario marca una nueva etapa en la pol\u00edtica laboral"},"content":{"rendered":"<p><!--\np.p1 {margin: 0.0px 0.0px 0.0px 0.0px; text-align: justify; line-height: 10.0px; font: 52.0px Whitman}\np.p2 {margin: 0.0px 0.0px 0.0px 0.0px; text-align: justify; line-height: 10.0px; font: 10.0px Whitman}\np.p3 {margin: 0.0px 0.0px 0.0px 0.0px; text-align: justify; text-indent: 6.0px; line-height: 10.0px; font: 10.0px Whitman}\nspan.s1 {letter-spacing: -0.2px}\nspan.s2 {letter-spacing: -0.3px}\n-->El\u00a0presidente Andr\u00e9s Manuel L\u00f3pez Obrador encabez\u00f3 la presentaci\u00f3n de la Nueva Pol\u00edtica de Salarios M\u00ednimos ante los representantes de los sectores empresarial, de los trabajadores y del Gobierno federal.<\/p>\n<p>De manera especial, hizo un reconocimiento a todos los sectores por alcanzar un acuerdo un\u00e1nime en beneficio de M\u00e9xico.<\/p>\n<p>Agradezco mucho a los trabajadores, a sus representantes (&#8230;) agradezco mucho a los representantes del sector empresarial porque ellos son pieza clave en este acuerdo (&#8230;) los empresarios de M\u00e9xico est\u00e1n apoyando, tienen dimensi\u00f3n social\u201d, afirm\u00f3.<\/p>\n<p>El jefe del Ejecutivo consider\u00f3 que el aumento un\u00e1nime del 16 por ciento al salario de los trabajadores es responsable, necesario y equilibrado.<\/p>\n<p>Es un acto que fortalece al gobierno, fortalece a la sociedad, sobre todo fortalece la imagen de nuestro pa\u00eds en lo interno y en lo externo, es un acto de madurez pol\u00edtica, de mucha responsabilidad, de conciliaci\u00f3n, un acto que da confianza para seguir adelante\u201d, asegur\u00f3.<\/p>\n<p>En todo momento &#8211; dijo &#8211; se consult\u00f3 a las autoridades del Banco de M\u00e9xico para no generar desequilibrios inflacionarios por el aumento de 102.68 pesos, a nivel nacional y en la frontera norte de 176.72.<\/p>\n<p>Gracias a los dirigentes del sector empresarial por permitir este avance en la pol\u00edtica laboral, va ayudar mucho a la econom\u00eda y nos vamos a beneficiar todos\u201d, dijo.<\/p>\n<p>Previo a concluir el acto, el presidente anunci\u00f3 que este martes el secretario de Relaciones Exteriores, Marcelo Ebrard Casaub\u00f3n, har\u00e1 un anuncio respecto a las negociaciones en torno al acuerdo de inversi\u00f3n planteado al gobierno del presidente Donald Trump como forma para frenar la migraci\u00f3n desordenada a Norteam\u00e9rica.<\/p>\n<p>Dijo que \u201chay avances\u201d en cuanto a inversiones de empresas estadounidenses en nuestro pa\u00eds.<\/p>\n","protected":false},"excerpt":{"rendered":"<p>El\u00a0presidente Andr\u00e9s Manuel L\u00f3pez Obrador encabez\u00f3 la presentaci\u00f3n de la Nueva Pol\u00edtica de Salarios M\u00ednimos ante los representantes de los sectores empresarial, de los trabajadores y del Gobierno federal. De manera especial, hizo un reconocimiento a todos los sectores por alcanzar un acuerdo un\u00e1nime en beneficio de M\u00e9xico. Agradezco mucho a los trabajadores, a sus [&hellip;]<\/p>\n","protected":false},"author":2,"featured_media":367392,"comment_status":"closed","ping_status":"closed","sticky":false,"template":"","format":"standard","meta":{"footnotes":""},"categories":[3],"tags":[],"class_list":["post-367407","post","type-post","status-publish","format-standard","has-post-thumbnail","hentry","category-nacional"],"_links":{"self":[{"href":"https:\/\/diarioavancetabasco.com\/index.php?rest_route=\/wp\/v2\/posts\/367407","targetHints":{"allow":["GET"]}}],"collection":[{"href":"https:\/\/diarioavancetabasco.com\/index.php?rest_route=\/wp\/v2\/posts"}],"about":[{"href":"https:\/\/diarioavancetabasco.com\/index.php?rest_route=\/wp\/v2\/types\/post"}],"author":[{"embeddable":true,"href":"https:\/\/diarioavancetabasco.com\/index.php?rest_route=\/wp\/v2\/users\/2"}],"replies":[{"embeddable":true,"href":"https:\/\/diarioavancetabasco.com\/index.php?rest_route=%2Fwp%2Fv2%2Fcomments&post=367407"}],"version-history":[{"count":2,"href":"https:\/\/diarioavancetabasco.com\/index.php?rest_route=\/wp\/v2\/posts\/367407\/revisions"}],"predecessor-version":[{"id":367452,"href":"https:\/\/diarioavancetabasco.com\/index.php?rest_route=\/wp\/v2\/posts\/367407\/revisions\/367452"}],"wp:featuredmedia":[{"embeddable":true,"href":"https:\/\/diarioavancetabasco.com\/index.php?rest_route=\/wp\/v2\/media\/367392"}],"wp:attachment":[{"href":"https:\/\/diarioavancetabasco.com\/index.php?rest_route=%2Fwp%2Fv2%2Fmedia&parent=367407"}],"wp:term":[{"taxonomy":"category","embeddable":true,"href":"https:\/\/diarioavancetabasco.com\/index.php?rest_route=%2Fwp%2Fv2%2Fcategories&post=367407"},{"taxonomy":"post_tag","embeddable":true,"href":"https:\/\/diarioavancetabasco.com\/index.php?rest_route=%2Fwp%2Fv2%2Ftags&post=367407"}],"curies":[{"name":"wp","href":"https:\/\/api.w.org\/{rel}","templated":true}]}}