{"id":367415,"date":"2018-12-18T00:48:19","date_gmt":"2018-12-18T06:48:19","guid":{"rendered":"http:\/\/diarioavancetabasco.com\/?p=367415"},"modified":"2018-12-18T00:48:23","modified_gmt":"2018-12-18T06:48:23","slug":"cfe-acoso-intimidacion-usuarios-que-esperan-respuesta","status":"publish","type":"post","link":"https:\/\/diarioavancetabasco.com\/?p=367415","title":{"rendered":"CFE: acoso, intimidaci\u00f3n, usuarios que esperan respuesta\u00a0"},"content":{"rendered":"<p><!--\np.p1 {margin: 0.0px 0.0px 0.0px 0.0px; text-align: justify; line-height: 10.0px; font: 52.0px Whitman}\np.p2 {margin: 0.0px 0.0px 0.0px 0.0px; text-align: justify; line-height: 10.0px; font: 10.0px Whitman}\np.p3 {margin: 0.0px 0.0px 0.0px 0.0px; text-align: justify; text-indent: 6.0px; line-height: 10.0px; font: 10.0px Whitman}\np.p4 {margin: 0.0px 0.0px 0.0px 0.0px; text-align: justify; text-indent: 6.0px; line-height: 10.0px; font: 10.0px Whitman; min-height: 12.0px}\np.p5 {margin: 0.0px 0.0px 0.0px 0.0px; text-align: justify; line-height: 10.0px; font: 10.0px Amplitude}\nspan.s1 {letter-spacing: -0.2px}\n-->Jos\u00e9 Mart\u00ednez<\/p>\n<p>Un problema que enfrentar\u00e1 el presidente de M\u00e9xico, Andr\u00e9s Manuel L\u00f3pez Obrador, en un corto tiempo, es con la Comisi\u00f3n Federal de Electricidad y los usuarios.<\/p>\n<p>En una medici\u00f3n de quejas, \u00e9stas van a la alza. Todos los d\u00edas existen reclamos por los cortes de luz, cobros excesivos, as\u00ed como las intimidaciones, que incluso, se dan por la madrugada.<\/p>\n<p>Aunque ahora se sum\u00f3 el famoso borr\u00f3n y cuenta nueva, ya que no hay un tiempo definido para llevarlo a cabo.<\/p>\n<p>La \u00faltima informaci\u00f3n del director general de la CFE, Manuel Bartlett, dijo que ese rubro ya estaba encaminado, lo que provoc\u00f3 un cruce de declaraciones entre el dirigente de Morena en la entidad, C\u00e9sar Burelo, el mismo gobernador electo, Ad\u00e1n Augusto L\u00f3pez, as\u00ed como el diputado federal, Manuel Rodr\u00edguez Gonz\u00e1lez.<\/p>\n<p>No es que se nieguen al apoyo a quienes estuvieron en la resistencia civil, el problema es que la Comisi\u00f3n sigue actuando de forma arbitraria en contra de quienes necesitan el servicio.<\/p>\n<p>L\u00edderes naturales, as\u00ed como delegados de distintas comunidades ha expresado su preocupaci\u00f3n porque los cortes no se detienen. En esa misma tesitura est\u00e1n los empresarios, un sector que se ha visto castigado por ese sector, sobre todo en los contratos.<\/p>\n<p>Tan s\u00f3lo en la regi\u00f3n de La Chontalpa suspendieron el servicio en ocho mil 972 contratos, en tanto que en Centro son ocho mil 907, y mil 802 en la zona de Los R\u00edos, solo en los municipios de La Sierra no detectaron irregularidades, son algunos de los n\u00famero que proporcion\u00f3 la CFE.<\/p>\n<p>En el caso de la Profeco, el delegado Pedro Aldecoa, se\u00f1al\u00f3 que son al menos seis quejas las que se dan diariamente por parte de los consumidores ante el acoso que les est\u00e1n realizando a trav\u00e9s de las redes sociales, tel\u00e9fono e inclusive correo electr\u00f3nico en exigencia del pago.<\/p>\n<p>El funcionario precis\u00f3 que ante ello est\u00e1n buscando una reuni\u00f3n con la empresa productiva para acordar la forma de buscar otras alternativas de cobro, porque no son las adecuadas.<\/p>\n<p>En a\u00f1os anteriores, sobre todo en procesos electorales, el tema de la energ\u00eda el\u00e9ctrica se convirti\u00f3 en una bandera, hasta llegar a lo pol\u00edtico. Varios fueron los diputados, tanto locales como federal, senadores y aspirantes a un cargo de elecci\u00f3n popular, quienes aprovechaban ese momento para prometer que bajar\u00edan las tarifas, sin embargo, nada sucedi\u00f3, todo continu\u00f3 igual.<\/p>\n<p>L\u00f3pez Obrador en su momento indic\u00f3 que quienes se hayan resistido a pagarle a la CFE en protesta desde 1995 por \u201ccobros excesivos\u201d en sus recibos de luz, \u201cno pagar\u00edan ni un solo peso\u201d.<\/p>\n<p>El borr\u00f3n y cuenta nueva ser\u00eda a partir del primero de julio, y la condici\u00f3n ser\u00eda que a partir del 2 de julio los recibos de la CFE tendr\u00e1n que pagarse en tiempo y forma.<\/p>\n<p>Hoy lo que falta es claridad en la informaci\u00f3n, porque los recibos contin\u00faan bajo los mismos precios. Las intimidaciones y cortes no paran, y es la preocupaci\u00f3n general que se tiene. Falta un anuncio concreto.<\/p>\n<p>&nbsp;<\/p>\n<p><b>HABERES\u00a0<\/b><\/p>\n<p>De visita estuvieron ayer en la Universidad Olmeca de Tabasco el escritor \u00c1lvaro Ruiz Abreu y la investigadora Mar\u00eda Jos\u00e9 Rodilla, ambos de la Universidad Aut\u00f3noma Metropolitana, quienes compartieron an\u00e9cdotas sobre L\u00e1cides Garc\u00eda Detjen, en un encuentro de amigos. Los acompa\u00f1aron el rector de la Casa de Estudios Emilio de Ygartua, la licenciada Yolanda Osuna y el periodista V\u00edctor M. S\u00e1mano, todos ellos vinculados al colombiano-tabasque\u00f1o universal, que hizo de nuestra entidad sitio para sus iniciativas culturales, sociales y acad\u00e9micas. Un verdadero humanista.<\/p>\n","protected":false},"excerpt":{"rendered":"<p>Jos\u00e9 Mart\u00ednez Un problema que enfrentar\u00e1 el presidente de M\u00e9xico, Andr\u00e9s Manuel L\u00f3pez Obrador, en un corto tiempo, es con la Comisi\u00f3n Federal de Electricidad y los usuarios. En una medici\u00f3n de quejas, \u00e9stas van a la alza. Todos los d\u00edas existen reclamos por los cortes de luz, cobros excesivos, as\u00ed como las intimidaciones, que [&hellip;]<\/p>\n","protected":false},"author":2,"featured_media":367385,"comment_status":"closed","ping_status":"closed","sticky":false,"template":"","format":"standard","meta":{"footnotes":""},"categories":[39],"tags":[],"class_list":["post-367415","post","type-post","status-publish","format-standard","has-post-thumbnail","hentry","category-corte-de-caja"],"_links":{"self":[{"href":"https:\/\/diarioavancetabasco.com\/index.php?rest_route=\/wp\/v2\/posts\/367415","targetHints":{"allow":["GET"]}}],"collection":[{"href":"https:\/\/diarioavancetabasco.com\/index.php?rest_route=\/wp\/v2\/posts"}],"about":[{"href":"https:\/\/diarioavancetabasco.com\/index.php?rest_route=\/wp\/v2\/types\/post"}],"author":[{"embeddable":true,"href":"https:\/\/diarioavancetabasco.com\/index.php?rest_route=\/wp\/v2\/users\/2"}],"replies":[{"embeddable":true,"href":"https:\/\/diarioavancetabasco.com\/index.php?rest_route=%2Fwp%2Fv2%2Fcomments&post=367415"}],"version-history":[{"count":2,"href":"https:\/\/diarioavancetabasco.com\/index.php?rest_route=\/wp\/v2\/posts\/367415\/revisions"}],"predecessor-version":[{"id":367461,"href":"https:\/\/diarioavancetabasco.com\/index.php?rest_route=\/wp\/v2\/posts\/367415\/revisions\/367461"}],"wp:featuredmedia":[{"embeddable":true,"href":"https:\/\/diarioavancetabasco.com\/index.php?rest_route=\/wp\/v2\/media\/367385"}],"wp:attachment":[{"href":"https:\/\/diarioavancetabasco.com\/index.php?rest_route=%2Fwp%2Fv2%2Fmedia&parent=367415"}],"wp:term":[{"taxonomy":"category","embeddable":true,"href":"https:\/\/diarioavancetabasco.com\/index.php?rest_route=%2Fwp%2Fv2%2Fcategories&post=367415"},{"taxonomy":"post_tag","embeddable":true,"href":"https:\/\/diarioavancetabasco.com\/index.php?rest_route=%2Fwp%2Fv2%2Ftags&post=367415"}],"curies":[{"name":"wp","href":"https:\/\/api.w.org\/{rel}","templated":true}]}}