{"id":367431,"date":"2018-12-18T00:56:55","date_gmt":"2018-12-18T06:56:55","guid":{"rendered":"http:\/\/diarioavancetabasco.com\/?p=367431"},"modified":"2018-12-18T00:56:59","modified_gmt":"2018-12-18T06:56:59","slug":"solicitan-a-adan-augusto-reparacion-de-carretera","status":"publish","type":"post","link":"https:\/\/diarioavancetabasco.com\/?p=367431","title":{"rendered":"Solicitan a Ad\u00e1n Augusto reparaci\u00f3n de carretera"},"content":{"rendered":"<p><!--\np.p1 {margin: 0.0px 0.0px 0.0px 0.0px; text-align: justify; line-height: 10.0px; font: 52.0px Whitman}\np.p2 {margin: 0.0px 0.0px 0.0px 0.0px; text-align: justify; line-height: 10.0px; font: 10.0px Whitman}\np.p3 {margin: 0.0px 0.0px 0.0px 0.0px; text-align: justify; text-indent: 6.0px; line-height: 10.0px; font: 10.0px Whitman}\nspan.s1 {letter-spacing: -0.3px}\n-->FRONTERA, TAB.- Habitantes del poblado Quint\u00edn Ara\u00faz, le solicitan al gobernador electo de Tabasco, Ad\u00e1n Augusto L\u00f3pez Hern\u00e1ndez, que dentro de su Programa de Trabajo que iniciar\u00e1 el a\u00f1o pr\u00f3ximo, incluya a esta localidad en la reparaci\u00f3n de 3. 5 kil\u00f3metros de carretera, ya que la alcaldesa no les quiere dar la cara y ni recibirlos en el palacio municipal.<\/p>\n<p>Esta petici\u00f3n la hace a nombre de los habitantes de esta localidad, el delegado municipal, Isidro Hern\u00e1ndez, quien a\u00f1adi\u00f3 que, existen 3.5 kil\u00f3metros de carretera en p\u00e9simas condiciones que abarca desde el atracadero de la panga hasta el poblado, por lo que, las unidades motrices sufren descomposturas.<\/p>\n<p>Afirm\u00f3 que, esperamos que seamos escuchados por las autoridades estatales que a partir del a\u00f1o pr\u00f3ximo asumir\u00e1n el mando de Tabasco, para que ya dejemos de sufrir por estas condiciones en que se encuentra esta v\u00eda, lo mismo que en donde est\u00e1 la \u201cT\u201d desde la entrada hacia el poblado hasta el atracadero de la panga, puntualiz\u00f3.<\/p>\n","protected":false},"excerpt":{"rendered":"<p>FRONTERA, TAB.- Habitantes del poblado Quint\u00edn Ara\u00faz, le solicitan al gobernador electo de Tabasco, Ad\u00e1n Augusto L\u00f3pez Hern\u00e1ndez, que dentro de su Programa de Trabajo que iniciar\u00e1 el a\u00f1o pr\u00f3ximo, incluya a esta localidad en la reparaci\u00f3n de 3. 5 kil\u00f3metros de carretera, ya que la alcaldesa no les quiere dar la cara y ni [&hellip;]<\/p>\n","protected":false},"author":2,"featured_media":367401,"comment_status":"closed","ping_status":"closed","sticky":false,"template":"","format":"standard","meta":{"footnotes":""},"categories":[12],"tags":[],"class_list":["post-367431","post","type-post","status-publish","format-standard","has-post-thumbnail","hentry","category-municipios"],"_links":{"self":[{"href":"https:\/\/diarioavancetabasco.com\/index.php?rest_route=\/wp\/v2\/posts\/367431","targetHints":{"allow":["GET"]}}],"collection":[{"href":"https:\/\/diarioavancetabasco.com\/index.php?rest_route=\/wp\/v2\/posts"}],"about":[{"href":"https:\/\/diarioavancetabasco.com\/index.php?rest_route=\/wp\/v2\/types\/post"}],"author":[{"embeddable":true,"href":"https:\/\/diarioavancetabasco.com\/index.php?rest_route=\/wp\/v2\/users\/2"}],"replies":[{"embeddable":true,"href":"https:\/\/diarioavancetabasco.com\/index.php?rest_route=%2Fwp%2Fv2%2Fcomments&post=367431"}],"version-history":[{"count":2,"href":"https:\/\/diarioavancetabasco.com\/index.php?rest_route=\/wp\/v2\/posts\/367431\/revisions"}],"predecessor-version":[{"id":367470,"href":"https:\/\/diarioavancetabasco.com\/index.php?rest_route=\/wp\/v2\/posts\/367431\/revisions\/367470"}],"wp:featuredmedia":[{"embeddable":true,"href":"https:\/\/diarioavancetabasco.com\/index.php?rest_route=\/wp\/v2\/media\/367401"}],"wp:attachment":[{"href":"https:\/\/diarioavancetabasco.com\/index.php?rest_route=%2Fwp%2Fv2%2Fmedia&parent=367431"}],"wp:term":[{"taxonomy":"category","embeddable":true,"href":"https:\/\/diarioavancetabasco.com\/index.php?rest_route=%2Fwp%2Fv2%2Fcategories&post=367431"},{"taxonomy":"post_tag","embeddable":true,"href":"https:\/\/diarioavancetabasco.com\/index.php?rest_route=%2Fwp%2Fv2%2Ftags&post=367431"}],"curies":[{"name":"wp","href":"https:\/\/api.w.org\/{rel}","templated":true}]}}