{"id":367474,"date":"2018-12-18T20:51:41","date_gmt":"2018-12-19T02:51:41","guid":{"rendered":"http:\/\/diarioavancetabasco.com\/?p=367474"},"modified":"2018-12-18T20:51:41","modified_gmt":"2018-12-19T02:51:41","slug":"europa-en-crisis","status":"publish","type":"post","link":"https:\/\/diarioavancetabasco.com\/?p=367474","title":{"rendered":"Europa en crisis"},"content":{"rendered":"<style type=\"text\/css\"><!--\np.p1 {margin: 0.0px 0.0px 0.0px 0.0px; text-align: justify; line-height: 10.0px; font: 52.0px Whitman}\np.p2 {margin: 0.0px 0.0px 0.0px 0.0px; text-align: justify; line-height: 10.0px; font: 10.0px Whitman}\np.p3 {margin: 0.0px 0.0px 0.0px 0.0px; text-align: justify; text-indent: 6.0px; line-height: 10.0px; font: 10.0px Whitman}\nspan.s1 {letter-spacing: -0.2px}\n--><\/style>\n<p>El descontento social est\u00e1 instalado en buena parte de Europa. En los \u00faltimos d\u00edas, miles de ciudadanos en seis pa\u00edses se han manifestado para exigir la renuncia de sus presidentes.<\/p>\n<p>En Portugal, m\u00e1s de 14 mil personas alistan una movilizaci\u00f3n para el pr\u00f3ximo viernes con el fin de demandar mejores servicios sociales y reducci\u00f3n de impuestos, bajo el nombre Stopper Portugal.<\/p>\n<p>Ante lo cual el gobierno anunci\u00f3 el despliegue de elementos policiales para hacer frente a los manifestantes.<\/p>\n<p>La ira comenz\u00f3 en Francia el 17 de noviembre con el movimiento de los chalecos amarillos, indignados por el alza en los combustibles.<\/p>\n<p>En el pa\u00eds galo, los ciudadanos se han manifestado por cinco fines de semana consecutivos pese a los intentos del gobierno por frenar la situaci\u00f3n.<\/p>\n<p>La molestia ciudadana se extendi\u00f3 a B\u00e9lgica. Miles de personas marcharon en Bruselas contagiadas por el \u00e1nimo franc\u00e9s, en medio de un intenso operativo que dej\u00f3 450 detenidos.<\/p>\n<p>La furia se asent\u00f3 tambi\u00e9n en Hungr\u00eda, donde por cinco d\u00edas seguidos, los ciudadanos reclamaron la renuncia del primer ministro, Viktor Orb\u00e1n, quien aprob\u00f3 una ley que permite a empresarios pedir hasta 400 horas extras al a\u00f1o a los empleados.<\/p>\n","protected":false},"excerpt":{"rendered":"<p>El descontento social est\u00e1 instalado en buena parte de Europa. En los \u00faltimos d\u00edas, miles de ciudadanos en seis pa\u00edses se han manifestado para exigir la renuncia de sus presidentes. En Portugal, m\u00e1s de 14 mil personas alistan una movilizaci\u00f3n para el pr\u00f3ximo viernes con el fin de demandar mejores servicios sociales y reducci\u00f3n de [&hellip;]<\/p>\n","protected":false},"author":2,"featured_media":367488,"comment_status":"closed","ping_status":"closed","sticky":false,"template":"","format":"standard","meta":{"footnotes":""},"categories":[4],"tags":[],"class_list":["post-367474","post","type-post","status-publish","format-standard","has-post-thumbnail","hentry","category-mundo"],"_links":{"self":[{"href":"https:\/\/diarioavancetabasco.com\/index.php?rest_route=\/wp\/v2\/posts\/367474","targetHints":{"allow":["GET"]}}],"collection":[{"href":"https:\/\/diarioavancetabasco.com\/index.php?rest_route=\/wp\/v2\/posts"}],"about":[{"href":"https:\/\/diarioavancetabasco.com\/index.php?rest_route=\/wp\/v2\/types\/post"}],"author":[{"embeddable":true,"href":"https:\/\/diarioavancetabasco.com\/index.php?rest_route=\/wp\/v2\/users\/2"}],"replies":[{"embeddable":true,"href":"https:\/\/diarioavancetabasco.com\/index.php?rest_route=%2Fwp%2Fv2%2Fcomments&post=367474"}],"version-history":[{"count":1,"href":"https:\/\/diarioavancetabasco.com\/index.php?rest_route=\/wp\/v2\/posts\/367474\/revisions"}],"predecessor-version":[{"id":367490,"href":"https:\/\/diarioavancetabasco.com\/index.php?rest_route=\/wp\/v2\/posts\/367474\/revisions\/367490"}],"wp:featuredmedia":[{"embeddable":true,"href":"https:\/\/diarioavancetabasco.com\/index.php?rest_route=\/wp\/v2\/media\/367488"}],"wp:attachment":[{"href":"https:\/\/diarioavancetabasco.com\/index.php?rest_route=%2Fwp%2Fv2%2Fmedia&parent=367474"}],"wp:term":[{"taxonomy":"category","embeddable":true,"href":"https:\/\/diarioavancetabasco.com\/index.php?rest_route=%2Fwp%2Fv2%2Fcategories&post=367474"},{"taxonomy":"post_tag","embeddable":true,"href":"https:\/\/diarioavancetabasco.com\/index.php?rest_route=%2Fwp%2Fv2%2Ftags&post=367474"}],"curies":[{"name":"wp","href":"https:\/\/api.w.org\/{rel}","templated":true}]}}