{"id":367526,"date":"2018-12-19T00:46:31","date_gmt":"2018-12-19T06:46:31","guid":{"rendered":"http:\/\/diarioavancetabasco.com\/?p=367526"},"modified":"2018-12-19T00:46:32","modified_gmt":"2018-12-19T06:46:32","slug":"rectifica-lopez-obrador-aumento-en-presupuesto-para-universidades","status":"publish","type":"post","link":"https:\/\/diarioavancetabasco.com\/?p=367526","title":{"rendered":"Rectifica L\u00f3pez Obrador aumento  en presupuesto para universidades"},"content":{"rendered":"<p><!--\np.p1 {margin: 0.0px 0.0px 0.0px 0.0px; text-align: justify; text-indent: 6.0px; line-height: 10.0px; font: 10.0px Whitman}\nspan.s1 {letter-spacing: -0.2px}\n-->El presidente Andr\u00e9s Manuel L\u00f3pez Obrador reconoci\u00f3 que hubo un error en la asignaci\u00f3n del presupuesto para universidades y rectificar\u00e1 para que tengan un aumento en el 2019.<\/p>\n<p>Durante la presentaci\u00f3n del programa de Universidades para el Bienestar Benito Ju\u00e1rez y la reapertura de la Escuela Normal Rural Luis Villarreal El Mexe, el titular del Ejecutivo detall\u00f3 que las universidades p\u00fablicas recibir\u00e1n lo mismo que el 2018 m\u00e1s el aumento de la inflaci\u00f3n.<\/p>\n<p>\u201cEste acto hist\u00f3rico de reapertura de el Mexe aqu\u00ed quiero dar a conocer a los universitarios de M\u00e9xico, a los alumnos, acad\u00e9micos y directivos de las universidades, de que se cometi\u00f3 un error en la presentaci\u00f3n del presupuesto. Porque yo hice un compromiso p\u00fablico de que no se iba a reducir un presupuesto para reducir y en efecto hay una reducci\u00f3n de 4 o 5 mil millones de pesos a las universidades p\u00fablicas\u201d, reconoci\u00f3.<\/p>\n<p>Dijo que se reparar\u00e1 ese error y se les va a entrar a las universidades lo que les corresponde.<\/p>\n<p>\u201cLo que acordamos, lo que dije en una reuni\u00f3n de la ANUIES, de que si no aumentaba el presupuesto iba a ser el mismo que el 2018 m\u00e1s inflaci\u00f3n, ese fue mi compromiso y lo voy a cumplir. Lo dije pero no se registr\u00f3 en el presupuesto y esto ha creado inconformidades\u201d, expuso.<\/p>\n<p>Aclar\u00f3 que en su gobierno cuando se cometa un error, \u201cvamos a rectificar porque no podemos aferrarnos\u201d.<\/p>\n<p>Les pidi\u00f3 a los rectores de universidades p\u00fablicas que haya austeridad en el manejo del presupuesto.<\/p>\n","protected":false},"excerpt":{"rendered":"<p>El presidente Andr\u00e9s Manuel L\u00f3pez Obrador reconoci\u00f3 que hubo un error en la asignaci\u00f3n del presupuesto para universidades y rectificar\u00e1 para que tengan un aumento en el 2019. Durante la presentaci\u00f3n del programa de Universidades para el Bienestar Benito Ju\u00e1rez y la reapertura de la Escuela Normal Rural Luis Villarreal El Mexe, el titular del [&hellip;]<\/p>\n","protected":false},"author":2,"featured_media":367476,"comment_status":"closed","ping_status":"closed","sticky":false,"template":"","format":"standard","meta":{"footnotes":""},"categories":[3],"tags":[],"class_list":["post-367526","post","type-post","status-publish","format-standard","has-post-thumbnail","hentry","category-nacional"],"_links":{"self":[{"href":"https:\/\/diarioavancetabasco.com\/index.php?rest_route=\/wp\/v2\/posts\/367526","targetHints":{"allow":["GET"]}}],"collection":[{"href":"https:\/\/diarioavancetabasco.com\/index.php?rest_route=\/wp\/v2\/posts"}],"about":[{"href":"https:\/\/diarioavancetabasco.com\/index.php?rest_route=\/wp\/v2\/types\/post"}],"author":[{"embeddable":true,"href":"https:\/\/diarioavancetabasco.com\/index.php?rest_route=\/wp\/v2\/users\/2"}],"replies":[{"embeddable":true,"href":"https:\/\/diarioavancetabasco.com\/index.php?rest_route=%2Fwp%2Fv2%2Fcomments&post=367526"}],"version-history":[{"count":2,"href":"https:\/\/diarioavancetabasco.com\/index.php?rest_route=\/wp\/v2\/posts\/367526\/revisions"}],"predecessor-version":[{"id":367547,"href":"https:\/\/diarioavancetabasco.com\/index.php?rest_route=\/wp\/v2\/posts\/367526\/revisions\/367547"}],"wp:featuredmedia":[{"embeddable":true,"href":"https:\/\/diarioavancetabasco.com\/index.php?rest_route=\/wp\/v2\/media\/367476"}],"wp:attachment":[{"href":"https:\/\/diarioavancetabasco.com\/index.php?rest_route=%2Fwp%2Fv2%2Fmedia&parent=367526"}],"wp:term":[{"taxonomy":"category","embeddable":true,"href":"https:\/\/diarioavancetabasco.com\/index.php?rest_route=%2Fwp%2Fv2%2Fcategories&post=367526"},{"taxonomy":"post_tag","embeddable":true,"href":"https:\/\/diarioavancetabasco.com\/index.php?rest_route=%2Fwp%2Fv2%2Ftags&post=367526"}],"curies":[{"name":"wp","href":"https:\/\/api.w.org\/{rel}","templated":true}]}}