{"id":367581,"date":"2018-12-20T00:30:47","date_gmt":"2018-12-20T06:30:47","guid":{"rendered":"http:\/\/diarioavancetabasco.com\/?p=367581"},"modified":"2018-12-20T00:30:56","modified_gmt":"2018-12-20T06:30:56","slug":"ya-no-hay-golondrinas-en-el-alambre-amlo","status":"publish","type":"post","link":"https:\/\/diarioavancetabasco.com\/?p=367581","title":{"rendered":"Ya no hay \u2018golondrinas  en el alambre\u2019: AMLO"},"content":{"rendered":"<p><!--\np.p1 {margin: 0.0px 0.0px 0.0px 0.0px; text-align: justify; line-height: 10.0px; font: 52.0px Whitman}\np.p2 {margin: 0.0px 0.0px 0.0px 0.0px; text-align: justify; line-height: 10.0px; font: 10.0px Whitman}\np.p3 {margin: 0.0px 0.0px 0.0px 0.0px; text-align: justify; text-indent: 6.0px; line-height: 10.0px; font: 10.0px Whitman}\nspan.s1 {letter-spacing: -0.2px}\n-->El presidente Andr\u00e9s Manuel L\u00f3pez Obrador afirm\u00f3 que en su administraci\u00f3n se acab\u00f3 el espionaje telef\u00f3nico y que \u201cya no hay golondrinas en el alambre\u201d.<\/p>\n<p>\u201cYa no hay golondrinas en el alambre por lo que corresponde al gobierno federal\u201d, asegur\u00f3 el titular del Ejecutivo federal en su conferencia de prensa matutina, en Palacio Nacional.<\/p>\n<p>\u201cEntonces protecci\u00f3n completa a ciudadanos y periodistas, por eso est\u00e1 ah\u00ed Alejandro Encinas y la licenciada Olga S\u00e1nchez Cordero, quienes por convicci\u00f3n tienen la misi\u00f3n de proteger a los derechos humanos, ellos ser\u00edan incapaces a prestarse a un acto que signifique violar los derechos humanos\u201d.<\/p>\n<p>El mandatario tambi\u00e9n inform\u00f3 que se dar\u00e1 a conocer un acuerdo por el cual mil 500 elementos de la Polic\u00eda Ministerial dejar\u00e1n de realizar funciones de \u201cguardaespaldas\u201d y se integrar\u00e1n a sus labores de protecci\u00f3n de los ciudadanos.<\/p>\n<p>\u201cHoy nos informaron de 3 mil 700 elementos de la Polic\u00eda Ministerial, alrededor de mil 500 estaban de guardaespaldas, no solo de servidores p\u00fablicos, tambi\u00e9n de personas ajenas al gobierno.<\/p>\n<p>\u201cEso se est\u00e1 corrigiendo, solo van a tener escoltas y protecci\u00f3n los que tengan responsabilidad en asuntos de seguridad p\u00fablica y quienes necesiten protecci\u00f3n por recibir amenazas como es el caso de periodistas que tenemos la obligaci\u00f3n de protegerlos\u201d.<\/p>\n<p>L\u00f3pez Obrador asegur\u00f3 que en su administraci\u00f3n continuar\u00e1 el nuevo sistema de justicia penal acusatorio, pero \u00e9ste debe ser mejorado, afirm\u00f3.<\/p>\n","protected":false},"excerpt":{"rendered":"<p>El presidente Andr\u00e9s Manuel L\u00f3pez Obrador afirm\u00f3 que en su administraci\u00f3n se acab\u00f3 el espionaje telef\u00f3nico y que \u201cya no hay golondrinas en el alambre\u201d. \u201cYa no hay golondrinas en el alambre por lo que corresponde al gobierno federal\u201d, asegur\u00f3 el titular del Ejecutivo federal en su conferencia de prensa matutina, en Palacio Nacional. \u201cEntonces [&hellip;]<\/p>\n","protected":false},"author":2,"featured_media":367564,"comment_status":"closed","ping_status":"closed","sticky":false,"template":"","format":"standard","meta":{"footnotes":""},"categories":[3],"tags":[],"class_list":["post-367581","post","type-post","status-publish","format-standard","has-post-thumbnail","hentry","category-nacional"],"_links":{"self":[{"href":"https:\/\/diarioavancetabasco.com\/index.php?rest_route=\/wp\/v2\/posts\/367581","targetHints":{"allow":["GET"]}}],"collection":[{"href":"https:\/\/diarioavancetabasco.com\/index.php?rest_route=\/wp\/v2\/posts"}],"about":[{"href":"https:\/\/diarioavancetabasco.com\/index.php?rest_route=\/wp\/v2\/types\/post"}],"author":[{"embeddable":true,"href":"https:\/\/diarioavancetabasco.com\/index.php?rest_route=\/wp\/v2\/users\/2"}],"replies":[{"embeddable":true,"href":"https:\/\/diarioavancetabasco.com\/index.php?rest_route=%2Fwp%2Fv2%2Fcomments&post=367581"}],"version-history":[{"count":2,"href":"https:\/\/diarioavancetabasco.com\/index.php?rest_route=\/wp\/v2\/posts\/367581\/revisions"}],"predecessor-version":[{"id":367633,"href":"https:\/\/diarioavancetabasco.com\/index.php?rest_route=\/wp\/v2\/posts\/367581\/revisions\/367633"}],"wp:featuredmedia":[{"embeddable":true,"href":"https:\/\/diarioavancetabasco.com\/index.php?rest_route=\/wp\/v2\/media\/367564"}],"wp:attachment":[{"href":"https:\/\/diarioavancetabasco.com\/index.php?rest_route=%2Fwp%2Fv2%2Fmedia&parent=367581"}],"wp:term":[{"taxonomy":"category","embeddable":true,"href":"https:\/\/diarioavancetabasco.com\/index.php?rest_route=%2Fwp%2Fv2%2Fcategories&post=367581"},{"taxonomy":"post_tag","embeddable":true,"href":"https:\/\/diarioavancetabasco.com\/index.php?rest_route=%2Fwp%2Fv2%2Ftags&post=367581"}],"curies":[{"name":"wp","href":"https:\/\/api.w.org\/{rel}","templated":true}]}}