{"id":367685,"date":"2018-12-21T00:01:52","date_gmt":"2018-12-21T06:01:52","guid":{"rendered":"http:\/\/diarioavancetabasco.com\/?p=367685"},"modified":"2018-12-21T00:02:14","modified_gmt":"2018-12-21T06:02:14","slug":"operativo-navideno-esta-funcionando","status":"publish","type":"post","link":"https:\/\/diarioavancetabasco.com\/?p=367685","title":{"rendered":"Operativo navide\u00f1o  esta funcionando"},"content":{"rendered":"<p><!--\np.p1 {margin: 0.0px 0.0px 0.0px 0.0px; text-align: justify; line-height: 10.0px; font: 52.0px Whitman}\np.p2 {margin: 0.0px 0.0px 0.0px 0.0px; text-align: justify; line-height: 10.0px; font: 10.0px Whitman}\np.p3 {margin: 0.0px 0.0px 0.0px 0.0px; text-align: justify; text-indent: 6.0px; line-height: 10.0px; font: 10.0px Whitman}\nspan.s1 {letter-spacing: -0.4px}\n-->C\u00c1RDENAS, TAB.- El director de tr\u00e1nsito municipal en C\u00e1rdenas, Iv\u00e1n Pe\u00f1a Vidal, anunci\u00f3 que la direcci\u00f3n mantiene listo y organizado el Operativo especial de Navidad y que ser\u00e1n los oficiales los encargados de las diversas tareas que se distribuir\u00e1n en la ciudad tanto en patrullas y moto patrullas.<\/p>\n<p>El Operativo Navide\u00f1o no es m\u00e1s que la de trabajar de manera normal desde todas las \u00e1reas de la dependencia, afirm\u00f3 el director de tr\u00e1nsito municipal, \u201clos oficiales que se encuentra laborando est\u00e1n instruidos a que en estos d\u00edas se le brinde las facilidades a las familias del municipio y visitantes que anden de paseo o realizando las compras de temporada\u201d.<\/p>\n<p>En estos momentos de la temporada decembrina no se est\u00e1n realizando los operativos que habitualmente se ven en la ciudad por parte de la direcci\u00f3n de tr\u00e1nsito como los dirigidos a motos y polarizados, en atenci\u00f3n a que las familias visitan el centro.<\/p>\n<p>Adem\u00e1s, en las calles en donde actualmente se est\u00e1n realizando reparaciones se han notado a ciudadanos circular en sentidos opuestos, sin embargo, ser\u00e1n considerados y se les dar\u00e1 la facilidad \u00fanicamente en donde se encuentran las calles en reparaci\u00f3n.<\/p>\n<p>Por otra parte, en el transporte p\u00fablico se est\u00e1n realizando algunas adecuaciones como es el caso de la parada de combis del servicio p\u00fablico que se encontraba ubicada en la\u00a0calle Reyes Hern\u00e1ndez y Avenida L\u00e1zaro C\u00e1rdenas, pues fueron reubicadas para evitar el conflicto vial.<\/p>\n","protected":false},"excerpt":{"rendered":"<p>C\u00c1RDENAS, TAB.- El director de tr\u00e1nsito municipal en C\u00e1rdenas, Iv\u00e1n Pe\u00f1a Vidal, anunci\u00f3 que la direcci\u00f3n mantiene listo y organizado el Operativo especial de Navidad y que ser\u00e1n los oficiales los encargados de las diversas tareas que se distribuir\u00e1n en la ciudad tanto en patrullas y moto patrullas. El Operativo Navide\u00f1o no es m\u00e1s que [&hellip;]<\/p>\n","protected":false},"author":2,"featured_media":367655,"comment_status":"closed","ping_status":"closed","sticky":false,"template":"","format":"standard","meta":{"footnotes":""},"categories":[12],"tags":[],"class_list":["post-367685","post","type-post","status-publish","format-standard","has-post-thumbnail","hentry","category-municipios"],"_links":{"self":[{"href":"https:\/\/diarioavancetabasco.com\/index.php?rest_route=\/wp\/v2\/posts\/367685","targetHints":{"allow":["GET"]}}],"collection":[{"href":"https:\/\/diarioavancetabasco.com\/index.php?rest_route=\/wp\/v2\/posts"}],"about":[{"href":"https:\/\/diarioavancetabasco.com\/index.php?rest_route=\/wp\/v2\/types\/post"}],"author":[{"embeddable":true,"href":"https:\/\/diarioavancetabasco.com\/index.php?rest_route=\/wp\/v2\/users\/2"}],"replies":[{"embeddable":true,"href":"https:\/\/diarioavancetabasco.com\/index.php?rest_route=%2Fwp%2Fv2%2Fcomments&post=367685"}],"version-history":[{"count":2,"href":"https:\/\/diarioavancetabasco.com\/index.php?rest_route=\/wp\/v2\/posts\/367685\/revisions"}],"predecessor-version":[{"id":367710,"href":"https:\/\/diarioavancetabasco.com\/index.php?rest_route=\/wp\/v2\/posts\/367685\/revisions\/367710"}],"wp:featuredmedia":[{"embeddable":true,"href":"https:\/\/diarioavancetabasco.com\/index.php?rest_route=\/wp\/v2\/media\/367655"}],"wp:attachment":[{"href":"https:\/\/diarioavancetabasco.com\/index.php?rest_route=%2Fwp%2Fv2%2Fmedia&parent=367685"}],"wp:term":[{"taxonomy":"category","embeddable":true,"href":"https:\/\/diarioavancetabasco.com\/index.php?rest_route=%2Fwp%2Fv2%2Fcategories&post=367685"},{"taxonomy":"post_tag","embeddable":true,"href":"https:\/\/diarioavancetabasco.com\/index.php?rest_route=%2Fwp%2Fv2%2Ftags&post=367685"}],"curies":[{"name":"wp","href":"https:\/\/api.w.org\/{rel}","templated":true}]}}