{"id":367701,"date":"2018-12-21T00:54:02","date_gmt":"2018-12-21T06:54:02","guid":{"rendered":"http:\/\/diarioavancetabasco.com\/?p=367701"},"modified":"2018-12-21T00:54:13","modified_gmt":"2018-12-21T06:54:13","slug":"chivas-llega-a-casa-con-verguenza","status":"publish","type":"post","link":"https:\/\/diarioavancetabasco.com\/?p=367701","title":{"rendered":"Chivas llega a casa con verg\u00fcenza"},"content":{"rendered":"<p><!--\np.p1 {margin: 0.0px 0.0px 0.0px 0.0px; text-align: justify; text-indent: 6.0px; line-height: 10.0px; font: 10.0px Whitman}\nspan.s1 {letter-spacing: -0.2px}\n-->A su llegada a la\u00a0Perla Tapat\u00eda, el director deportivo\u00a0Mariano\u00a0Varela\u00a0dio la cara por\u00a0Chivas\u00a0de\u00a0Guadalajara\u00a0y reconoci\u00f3 que existe verg\u00fcenza por la mala participaci\u00f3n del equipo en el\u00a0Mundial\u00a0de\u00a0Clubes.<\/p>\n<p>El\u00a0Reba\u00f1o Sagrado\u00a0perdi\u00f3 en cuartos de final ante\u00a0Kashima\u00a0Antlers\u00a0para ganarse las cr\u00edticas y desmoronarse el sue\u00f1o de jugar ante\u00a0Real Madrid, pero la crisis aument\u00f3 cuando tambi\u00e9n cay\u00f3 en penales frente al\u00a0Esperance\u00a0de\u00a0T\u00fanez\u00a0para culminar en el sexto puesto general de la competici\u00f3n.<\/p>\n<p>\u201cLa verdad verg\u00fcenza por el papel tan malo, no se cumplieron los objetivos, y por supuesto hay que dar la cara, hay molestia de parte del cuerpo t\u00e9cnico, directivos y jugadores\u201d, indic\u00f3.<\/p>\n<p>Varela fue el \u00fanico integrante de la instituci\u00f3n Rojiblanca en atender a los medios de comunicaci\u00f3n, mientras que los jugadores, el vicepresidente\u00a0Amaury\u00a0Vergara\u00a0y el director general\u00a0Jos\u00e9 Luis Higuera\u00a0pasaron desapercibidos.<\/p>\n","protected":false},"excerpt":{"rendered":"<p>A su llegada a la\u00a0Perla Tapat\u00eda, el director deportivo\u00a0Mariano\u00a0Varela\u00a0dio la cara por\u00a0Chivas\u00a0de\u00a0Guadalajara\u00a0y reconoci\u00f3 que existe verg\u00fcenza por la mala participaci\u00f3n del equipo en el\u00a0Mundial\u00a0de\u00a0Clubes. El\u00a0Reba\u00f1o Sagrado\u00a0perdi\u00f3 en cuartos de final ante\u00a0Kashima\u00a0Antlers\u00a0para ganarse las cr\u00edticas y desmoronarse el sue\u00f1o de jugar ante\u00a0Real Madrid, pero la crisis aument\u00f3 cuando tambi\u00e9n cay\u00f3 en penales frente al\u00a0Esperance\u00a0de\u00a0T\u00fanez\u00a0para culminar en [&hellip;]<\/p>\n","protected":false},"author":2,"featured_media":367694,"comment_status":"closed","ping_status":"closed","sticky":false,"template":"","format":"standard","meta":{"footnotes":""},"categories":[6],"tags":[],"class_list":["post-367701","post","type-post","status-publish","format-standard","has-post-thumbnail","hentry","category-deportes"],"_links":{"self":[{"href":"https:\/\/diarioavancetabasco.com\/index.php?rest_route=\/wp\/v2\/posts\/367701","targetHints":{"allow":["GET"]}}],"collection":[{"href":"https:\/\/diarioavancetabasco.com\/index.php?rest_route=\/wp\/v2\/posts"}],"about":[{"href":"https:\/\/diarioavancetabasco.com\/index.php?rest_route=\/wp\/v2\/types\/post"}],"author":[{"embeddable":true,"href":"https:\/\/diarioavancetabasco.com\/index.php?rest_route=\/wp\/v2\/users\/2"}],"replies":[{"embeddable":true,"href":"https:\/\/diarioavancetabasco.com\/index.php?rest_route=%2Fwp%2Fv2%2Fcomments&post=367701"}],"version-history":[{"count":2,"href":"https:\/\/diarioavancetabasco.com\/index.php?rest_route=\/wp\/v2\/posts\/367701\/revisions"}],"predecessor-version":[{"id":367720,"href":"https:\/\/diarioavancetabasco.com\/index.php?rest_route=\/wp\/v2\/posts\/367701\/revisions\/367720"}],"wp:featuredmedia":[{"embeddable":true,"href":"https:\/\/diarioavancetabasco.com\/index.php?rest_route=\/wp\/v2\/media\/367694"}],"wp:attachment":[{"href":"https:\/\/diarioavancetabasco.com\/index.php?rest_route=%2Fwp%2Fv2%2Fmedia&parent=367701"}],"wp:term":[{"taxonomy":"category","embeddable":true,"href":"https:\/\/diarioavancetabasco.com\/index.php?rest_route=%2Fwp%2Fv2%2Fcategories&post=367701"},{"taxonomy":"post_tag","embeddable":true,"href":"https:\/\/diarioavancetabasco.com\/index.php?rest_route=%2Fwp%2Fv2%2Ftags&post=367701"}],"curies":[{"name":"wp","href":"https:\/\/api.w.org\/{rel}","templated":true}]}}