{"id":367726,"date":"2018-12-22T00:28:57","date_gmt":"2018-12-22T06:28:57","guid":{"rendered":"http:\/\/diarioavancetabasco.com\/?p=367726"},"modified":"2018-12-22T00:29:07","modified_gmt":"2018-12-22T06:29:07","slug":"pueblo-indigenas-una-voz-que-se-hace-visible","status":"publish","type":"post","link":"https:\/\/diarioavancetabasco.com\/?p=367726","title":{"rendered":"Pueblo ind\u00edgenas, una voz que se hace visible\u00a0"},"content":{"rendered":"<p><!--\np.p1 {margin: 0.0px 0.0px 0.0px 0.0px; text-align: justify; text-indent: 6.0px; line-height: 10.0px; font: 10.0px Whitman}\np.p2 {margin: 0.0px 0.0px 0.0px 0.0px; text-align: justify; text-indent: 6.0px; line-height: 10.0px; font: 10.0px Whitman; min-height: 12.0px}\np.p3 {margin: 0.0px 0.0px 0.0px 0.0px; text-align: justify; line-height: 10.0px; font: 10.0px Amplitude}\nspan.s1 {letter-spacing: -0.2px}\nspan.s2 {letter-spacing: -0.3px}\n-->Jos\u00e9 Mart\u00ednez<\/p>\n<p>Por el bien de M\u00e9xico, primero los pobres, y entre ellos est\u00e1n los ind\u00edgenas, es lo que en repetidas ocasiones ha dicho Andr\u00e9s Manuel L\u00f3pez Obrador en auditorios distintos.<\/p>\n<p>Desde su campa\u00f1a, el ahora Presidente de M\u00e9xico, siempre tuvo una distinci\u00f3n especial por los m\u00e1s pobres y vulnerables. Para ellos fueron creados algunos de los programas sociales, porque como ha indicado, son grupos olvidados por los gobiernos.<\/p>\n<p>En Oaxaca, ayer estuvo presentando el Programa Nacional de los Pueblos Ind\u00edgenas, donde se\u00f1al\u00f3 que en este estado el 80 por ciento son bienes comunales.<\/p>\n<p>Como parte de su proyecto para atender a las comunidades ind\u00edgenas de M\u00e9xico, el mandatario anunci\u00f3 con anterioridad la creaci\u00f3n de 132 coordinaciones regionales que atender\u00e1n a todas las etnias.<\/p>\n<p>Adem\u00e1s dijo que habr\u00e1 una pensi\u00f3n universal para las personas adultas mayores, y en todos los pueblos ind\u00edgenas ser\u00e1 a partir de los 65 a\u00f1os, porque una persona de esa zona vive menos, y ser\u00e1n mil 200 pesos lo que se les destinar\u00e1n de forma directa, y ahora tendr\u00e1n el Banco del Bienestar donde se entregar\u00e1n las tarjetas<\/p>\n<p>Adem\u00e1s coment\u00f3 que se crear\u00e1n cien universidades, la mayor\u00eda ser\u00e1n en esos pueblos, con el fin de que los j\u00f3venes tengan una mejor visi\u00f3n de la vida, puedan estudiar una carrera y salgan adelante.<\/p>\n<p>Detall\u00f3 que el presupuesto 2019 ya incluye recursos para terminar las carreteras Oaxaca-Puerto Escondido y Oaxaca-Istmo de Tehuantepec, as\u00ed como para reparar toda la v\u00eda de ferrocarril del Istmo.<\/p>\n<p>Anunci\u00f3 que el Istmo ser\u00e1 convertido en zona libre como la frontera norte, donde pr\u00f3ximamente bajar\u00e1 el IVA, el ISR y aumentar\u00e1 el salario al doble, seg\u00fan se inform\u00f3 hace unos d\u00edas para la zona colindante con Estados Unidos, a fin de desarrollar tambi\u00e9n esta regi\u00f3n del sur del pa\u00eds para sacar a M\u00e9xico de la pobreza.<\/p>\n<p>El Jefe del Ejecutivo federal indic\u00f3 que se tendr\u00e1n precios de garant\u00eda para cultivos b\u00e1sicos como el ma\u00edz, que se pagar\u00e1 en cinco mil 600 pesos la tonelada, y el frijol, a 14 mil 500 pesos.<\/p>\n<p>En su Plan de Naci\u00f3n, L\u00f3pez Obrador afirm\u00f3 que esas comunidades tendr\u00e1n un espacio digno y las condiciones necesarias para desarrollarse, adem\u00e1s de contribuir a la econ\u00f3mica del Pa\u00eds.\u00a0 L\u00f3pez Obrador ha dicho que es necesario fortalecer los valores culturales, y est\u00e1 demostrado que las comunidades ind\u00edgenas es donde hay m\u00e1s solidaridad y fraternidad, donde se lleva a la pr\u00e1ctica la ayuda mutua, el tequio y se mantienen las tradiciones, lo que conlleva a tener menos delincuencia en el pa\u00eds.<\/p>\n<p>Representantes de etnias\u00a0 le pidieron que haya respeto a su autodeterminaci\u00f3n y se reconozcan en forma plena sus derechos como comunidades ind\u00edgenas.<\/p>\n<p>Bajo ese marco, igual se buscar\u00e1 garantizar la protecci\u00f3n jur\u00eddica de las tierras y recursos a los pueblos ind\u00edgenas con acciones claves,\u00a0 como crear una l\u00ednea dentro del Programa de Transferencia de Tierras para garantizar t\u00edtulos de propiedad y\u00a0 adecuar programas para la incorporaci\u00f3n de las pr\u00e1cticas agr\u00edcolas ancestrales.<\/p>\n<p>AMLO est\u00e1 siendo visibles a los diversos pueblos, y est\u00e1 dando un significado a los ind\u00edgenas, todo como parte de su plan, el cual lo viene dibujando desde hace doce a\u00f1os.<\/p>\n<p>&nbsp;<\/p>\n<p><b>HABERES\u00a0<\/b><\/p>\n<p>La Secretar\u00eda de Relaciones Exteriores a trav\u00e9s de un comunicado inform\u00f3 de las medidas que tomar\u00e1 el Gobierno de M\u00e9xico para la protecci\u00f3n de los derechos humanos ante la decisi\u00f3n del Gobierno de Donald Trump. Menciona que por razones humanitarias y de manera temporal se autorizar\u00e1 el ingreso de \u201cciertas personas extranjeras provenientes de Estados Unidos que hayan ingresado a ese pa\u00eds por un puerto de entrada o que hayan sido aprehendidas entre puertos de entrada\u201d.<\/p>\n","protected":false},"excerpt":{"rendered":"<p>Jos\u00e9 Mart\u00ednez Por el bien de M\u00e9xico, primero los pobres, y entre ellos est\u00e1n los ind\u00edgenas, es lo que en repetidas ocasiones ha dicho Andr\u00e9s Manuel L\u00f3pez Obrador en auditorios distintos. Desde su campa\u00f1a, el ahora Presidente de M\u00e9xico, siempre tuvo una distinci\u00f3n especial por los m\u00e1s pobres y vulnerables. Para ellos fueron creados algunos [&hellip;]<\/p>\n","protected":false},"author":2,"featured_media":367727,"comment_status":"closed","ping_status":"closed","sticky":false,"template":"","format":"standard","meta":{"footnotes":""},"categories":[39],"tags":[],"class_list":["post-367726","post","type-post","status-publish","format-standard","has-post-thumbnail","hentry","category-corte-de-caja"],"_links":{"self":[{"href":"https:\/\/diarioavancetabasco.com\/index.php?rest_route=\/wp\/v2\/posts\/367726","targetHints":{"allow":["GET"]}}],"collection":[{"href":"https:\/\/diarioavancetabasco.com\/index.php?rest_route=\/wp\/v2\/posts"}],"about":[{"href":"https:\/\/diarioavancetabasco.com\/index.php?rest_route=\/wp\/v2\/types\/post"}],"author":[{"embeddable":true,"href":"https:\/\/diarioavancetabasco.com\/index.php?rest_route=\/wp\/v2\/users\/2"}],"replies":[{"embeddable":true,"href":"https:\/\/diarioavancetabasco.com\/index.php?rest_route=%2Fwp%2Fv2%2Fcomments&post=367726"}],"version-history":[{"count":2,"href":"https:\/\/diarioavancetabasco.com\/index.php?rest_route=\/wp\/v2\/posts\/367726\/revisions"}],"predecessor-version":[{"id":367794,"href":"https:\/\/diarioavancetabasco.com\/index.php?rest_route=\/wp\/v2\/posts\/367726\/revisions\/367794"}],"wp:featuredmedia":[{"embeddable":true,"href":"https:\/\/diarioavancetabasco.com\/index.php?rest_route=\/wp\/v2\/media\/367727"}],"wp:attachment":[{"href":"https:\/\/diarioavancetabasco.com\/index.php?rest_route=%2Fwp%2Fv2%2Fmedia&parent=367726"}],"wp:term":[{"taxonomy":"category","embeddable":true,"href":"https:\/\/diarioavancetabasco.com\/index.php?rest_route=%2Fwp%2Fv2%2Fcategories&post=367726"},{"taxonomy":"post_tag","embeddable":true,"href":"https:\/\/diarioavancetabasco.com\/index.php?rest_route=%2Fwp%2Fv2%2Ftags&post=367726"}],"curies":[{"name":"wp","href":"https:\/\/api.w.org\/{rel}","templated":true}]}}