{"id":367858,"date":"2018-12-23T21:15:29","date_gmt":"2018-12-24T03:15:29","guid":{"rendered":"http:\/\/diarioavancetabasco.com\/?p=367858"},"modified":"2018-12-23T21:17:12","modified_gmt":"2018-12-24T03:17:12","slug":"porto-mexicano-defiende-liderato","status":"publish","type":"post","link":"https:\/\/diarioavancetabasco.com\/?p=367858","title":{"rendered":"Porto mexicano  defiende liderato"},"content":{"rendered":"<style type=\"text\/css\"><!--\np.p1 {margin: 0.0px 0.0px 0.0px 0.0px; text-align: justify; line-height: 10.0px; font: 52.0px Whitman}\np.p2 {margin: 0.0px 0.0px 0.0px 0.0px; text-align: justify; line-height: 10.0px; font: 10.0px Whitman}\np.p3 {margin: 0.0px 0.0px 0.0px 0.0px; text-align: justify; text-indent: 6.0px; line-height: 10.0px; font: 10.0px Whitman}\n--><\/style>\n<p>Los goles del argelino\u00a0Yacine\u00a0Brahimi\u00a0y el maliense\u00a0Moussa\u00a0Marega\u00a0permitieron al\u00a0Porto\u00a0remontar en casa ante el\u00a0R\u00edo Ave\u00a0(2-1) y asegurarse la primera plaza de la Liga portuguesa en la \u00faltima jornada del a\u00f1o.<\/p>\n<p>Tras 14 jornadas de competici\u00f3n, los Dragones suman 36 puntos y lideran la clasificaci\u00f3n, por encima del\u00a0Sporting\u00a0de\u00a0Portugal\u00a0(31), el\u00a0Braga\u00a0(30) y el\u00a0Benfica\u00a0(29), todos con un partido menos.<\/p>\n<p>Por su parte, el R\u00edo Ave de\u00a0F\u00e1bio\u00a0Coentr\u00e3o\u00a0se mantiene con 19 puntos en la d\u00e9cima posici\u00f3n de la tabla.<\/p>\n<p>El R\u00edo Ave llegaba al partido tras un cambio de entrenador, despu\u00e9s de la salida del luso\u00a0Jos\u00e9 Gomes, anunciado el s\u00e1bado como nuevo t\u00e9cnico del\u00a0Reading, y fue dirigido durante el encuentro por el adjunto,\u00a0Augusto Gama.<\/p>\n<p>El partido no empez\u00f3 de cara para el Porto, que encaden\u00f3 varios errores al inicio.<\/p>\n<p>El R\u00edo Ave supo aprovechar uno de ellos para recuperar un bal\u00f3n y dejar al brasile\u00f1o\u00a0Carlos\u00a0Vin\u00edcius\u00a0solo ante la porter\u00eda de\u00a0\u00cdker Casillas\u00a0para hacer el primer tanto del partido en el minuto 12.<\/p>\n<p>Sin embargo, los blanquiazules supieron reaccionar r\u00e1pido al \u201cmazazo\u201d y apenas cuatro minutos despu\u00e9s pusieron el empate en el marcador.<\/p>\n<p>Tras sortear a la defensa rival, Brahimi abri\u00f3 a la derecha para el mexicano\u00a0Jes\u00fas\u00a0Manuel\u00a0Corona, que puso un centro para la cabeza del brasile\u00f1o\u00a0Soares, quien dej\u00f3 el bal\u00f3n al argelino para que hiciera el primero de los Dragones.<\/p>\n<p>La remontada lleg\u00f3 en el 25, cuando el uruguayo\u00a0Maxi Pereira, desde la derecha, envi\u00f3 el bal\u00f3n a\u00a0Marega que, tras protegerlo con el cuerpo, se gir\u00f3 y remat\u00f3 al fondo de las redes.<\/p>\n<p>El resultado se mantuvo en el marcador el resto del partido y el Porto reforz\u00f3 as\u00ed su posici\u00f3n de l\u00edder antes de los encuentros de sus rivales, previstos tambi\u00e9n para este domingo:\u00a0Benfica\u2013Braga\u00a0y\u00a0Vit\u00f3riaGuimar\u00e3es\u2013Sporting.<\/p>\n","protected":false},"excerpt":{"rendered":"<p>Los goles del argelino\u00a0Yacine\u00a0Brahimi\u00a0y el maliense\u00a0Moussa\u00a0Marega\u00a0permitieron al\u00a0Porto\u00a0remontar en casa ante el\u00a0R\u00edo Ave\u00a0(2-1) y asegurarse la primera plaza de la Liga portuguesa en la \u00faltima jornada del a\u00f1o. Tras 14 jornadas de competici\u00f3n, los Dragones suman 36 puntos y lideran la clasificaci\u00f3n, por encima del\u00a0Sporting\u00a0de\u00a0Portugal\u00a0(31), el\u00a0Braga\u00a0(30) y el\u00a0Benfica\u00a0(29), todos con un partido menos. Por su parte, [&hellip;]<\/p>\n","protected":false},"author":2,"featured_media":367825,"comment_status":"closed","ping_status":"closed","sticky":false,"template":"","format":"standard","meta":{"footnotes":""},"categories":[6],"tags":[],"class_list":["post-367858","post","type-post","status-publish","format-standard","has-post-thumbnail","hentry","category-deportes"],"_links":{"self":[{"href":"https:\/\/diarioavancetabasco.com\/index.php?rest_route=\/wp\/v2\/posts\/367858","targetHints":{"allow":["GET"]}}],"collection":[{"href":"https:\/\/diarioavancetabasco.com\/index.php?rest_route=\/wp\/v2\/posts"}],"about":[{"href":"https:\/\/diarioavancetabasco.com\/index.php?rest_route=\/wp\/v2\/types\/post"}],"author":[{"embeddable":true,"href":"https:\/\/diarioavancetabasco.com\/index.php?rest_route=\/wp\/v2\/users\/2"}],"replies":[{"embeddable":true,"href":"https:\/\/diarioavancetabasco.com\/index.php?rest_route=%2Fwp%2Fv2%2Fcomments&post=367858"}],"version-history":[{"count":3,"href":"https:\/\/diarioavancetabasco.com\/index.php?rest_route=\/wp\/v2\/posts\/367858\/revisions"}],"predecessor-version":[{"id":367864,"href":"https:\/\/diarioavancetabasco.com\/index.php?rest_route=\/wp\/v2\/posts\/367858\/revisions\/367864"}],"wp:featuredmedia":[{"embeddable":true,"href":"https:\/\/diarioavancetabasco.com\/index.php?rest_route=\/wp\/v2\/media\/367825"}],"wp:attachment":[{"href":"https:\/\/diarioavancetabasco.com\/index.php?rest_route=%2Fwp%2Fv2%2Fmedia&parent=367858"}],"wp:term":[{"taxonomy":"category","embeddable":true,"href":"https:\/\/diarioavancetabasco.com\/index.php?rest_route=%2Fwp%2Fv2%2Fcategories&post=367858"},{"taxonomy":"post_tag","embeddable":true,"href":"https:\/\/diarioavancetabasco.com\/index.php?rest_route=%2Fwp%2Fv2%2Ftags&post=367858"}],"curies":[{"name":"wp","href":"https:\/\/api.w.org\/{rel}","templated":true}]}}