{"id":367921,"date":"2018-12-27T00:26:10","date_gmt":"2018-12-27T06:26:10","guid":{"rendered":"http:\/\/diarioavancetabasco.com\/?p=367921"},"modified":"2018-12-27T00:26:18","modified_gmt":"2018-12-27T06:26:18","slug":"comerciantes-abusivos","status":"publish","type":"post","link":"https:\/\/diarioavancetabasco.com\/?p=367921","title":{"rendered":"Comerciantes abusivos"},"content":{"rendered":"<p><!--\np.p1 {margin: 0.0px 0.0px 0.0px 0.0px; text-align: justify; line-height: 10.0px; font: 52.0px Whitman}\np.p2 {margin: 0.0px 0.0px 0.0px 0.0px; text-align: justify; line-height: 10.0px; font: 10.0px Whitman}\np.p3 {margin: 0.0px 0.0px 0.0px 0.0px; text-align: justify; text-indent: 6.0px; line-height: 10.0px; font: 10.0px Whitman}\nspan.s1 {letter-spacing: -0.2px}\n-->C\u00c1RDENAS, TAB.- Ante la falta de oficinas en el municipio de la Procuradur\u00eda Federal del Consumidor (PROFECO), comerciantes tanto formales como ambulantes, hacen su agosto en plenas fechas decembrinas, al no tener un verificador gubernamental de precios y que proteja a quienes hacen sus compras.<\/p>\n<p>Las quejas de los ciudadanos van desde alza inesperada de precios, as\u00ed como la falta de tableros que indiquen los mismos, esto por parte de los comercios establecidos, en el caso de los ambulantes, los precios son variados dependiendo la calidad del articulo a adquirir, aqu\u00ed es donde resulta el detalle, ya que no hay una garant\u00eda de parte del vendedor, lo que ha dejado insatisfechos a muchos consumidores.<\/p>\n<p>Y es que ya desde hace m\u00e1s de seis a\u00f1os, el municipio carece de oficinas de PROFECO, teniendo que recurrir hasta la capital tabasque\u00f1a, en caso de requerir interponer una denuncia por abuso de alg\u00fan comerciante, por lo que mejor optan por dejar el asunto sin ser denunciado, refiere Armida de la Cruz S\u00e1nchez, quien tuvo un problema con unas luces navide\u00f1as que salieron falladas y no pudo cambiarlas.<\/p>\n<p>\u201cAcud\u00ed el mismo d\u00eda que las compre a que me las cambiara y lo que me dijo el vendedor que salida la mercanc\u00eda no se aceptan devoluciones y que yo le hiciera como quisiera<\/p>\n","protected":false},"excerpt":{"rendered":"<p>C\u00c1RDENAS, TAB.- Ante la falta de oficinas en el municipio de la Procuradur\u00eda Federal del Consumidor (PROFECO), comerciantes tanto formales como ambulantes, hacen su agosto en plenas fechas decembrinas, al no tener un verificador gubernamental de precios y que proteja a quienes hacen sus compras. Las quejas de los ciudadanos van desde alza inesperada de [&hellip;]<\/p>\n","protected":false},"author":2,"featured_media":367893,"comment_status":"closed","ping_status":"closed","sticky":false,"template":"","format":"standard","meta":{"footnotes":""},"categories":[12],"tags":[],"class_list":["post-367921","post","type-post","status-publish","format-standard","has-post-thumbnail","hentry","category-municipios"],"_links":{"self":[{"href":"https:\/\/diarioavancetabasco.com\/index.php?rest_route=\/wp\/v2\/posts\/367921","targetHints":{"allow":["GET"]}}],"collection":[{"href":"https:\/\/diarioavancetabasco.com\/index.php?rest_route=\/wp\/v2\/posts"}],"about":[{"href":"https:\/\/diarioavancetabasco.com\/index.php?rest_route=\/wp\/v2\/types\/post"}],"author":[{"embeddable":true,"href":"https:\/\/diarioavancetabasco.com\/index.php?rest_route=\/wp\/v2\/users\/2"}],"replies":[{"embeddable":true,"href":"https:\/\/diarioavancetabasco.com\/index.php?rest_route=%2Fwp%2Fv2%2Fcomments&post=367921"}],"version-history":[{"count":2,"href":"https:\/\/diarioavancetabasco.com\/index.php?rest_route=\/wp\/v2\/posts\/367921\/revisions"}],"predecessor-version":[{"id":367954,"href":"https:\/\/diarioavancetabasco.com\/index.php?rest_route=\/wp\/v2\/posts\/367921\/revisions\/367954"}],"wp:featuredmedia":[{"embeddable":true,"href":"https:\/\/diarioavancetabasco.com\/index.php?rest_route=\/wp\/v2\/media\/367893"}],"wp:attachment":[{"href":"https:\/\/diarioavancetabasco.com\/index.php?rest_route=%2Fwp%2Fv2%2Fmedia&parent=367921"}],"wp:term":[{"taxonomy":"category","embeddable":true,"href":"https:\/\/diarioavancetabasco.com\/index.php?rest_route=%2Fwp%2Fv2%2Fcategories&post=367921"},{"taxonomy":"post_tag","embeddable":true,"href":"https:\/\/diarioavancetabasco.com\/index.php?rest_route=%2Fwp%2Fv2%2Ftags&post=367921"}],"curies":[{"name":"wp","href":"https:\/\/api.w.org\/{rel}","templated":true}]}}