{"id":367995,"date":"2018-12-28T00:07:21","date_gmt":"2018-12-28T06:07:21","guid":{"rendered":"http:\/\/diarioavancetabasco.com\/?p=367995"},"modified":"2018-12-28T00:07:23","modified_gmt":"2018-12-28T06:07:23","slug":"embellecen-al-congreso","status":"publish","type":"post","link":"https:\/\/diarioavancetabasco.com\/?p=367995","title":{"rendered":"\u00a1Embellecen  al Congreso!"},"content":{"rendered":"<p><!--\np.p1 {margin: 0.0px 0.0px 0.0px 0.0px; text-align: justify; line-height: 10.0px; font: 52.0px Whitman}\np.p2 {margin: 0.0px 0.0px 0.0px 0.0px; text-align: justify; line-height: 10.0px; font: 10.0px Whitman}\np.p3 {margin: 0.0px 0.0px 0.0px 0.0px; text-align: justify; text-indent: 6.0px; line-height: 10.0px; font: 10.0px Whitman}\nspan.s1 {letter-spacing: -0.2px}\n-->Un ej\u00e9rcito de \u201cmanos y brazos\u201d trabajan al \u2018tope\u2019 para tener lista a la C\u00e1mara de Diputados locales, la cual ser\u00e1 la sede de la toma de protesta de Ad\u00e1n Augusto L\u00f3pez Hern\u00e1ndez como gobernador Constitucional del Estado de Tabasco, este 31 de diciembre pr\u00f3ximo.<\/p>\n<p>Tablones comprimidos de madera, estructura de metal, sierra, martillo, brochas y pinturas, adem\u00e1s del ruido ensordecedor de compresores de m\u00e1quinas de pintar y gritos de trabajadores, se han vuelto habituales en el recinto legislativo.<\/p>\n<p>Adem\u00e1s, se inici\u00f3 con la construcci\u00f3n de unas gradas que ser\u00e1n colocadas en el Lobby Legislativo.<\/p>\n<p>De igual forma, ya se instalaron equipos de aire acondicionado para la ceremonia y donde se esperan m\u00e1s de 500 invitados.<\/p>\n<p>Afuera, el Congreso local est\u00e1 recibiendo no s\u00f3lo una \u201cmanita de gato\u201d, sino todo un cambio en su fachada.<\/p>\n<p>La idea es que este edificio sea el lugar ideal para el arrib\u00f3 de Andres Manuel L\u00f3pez Obrador, presidente de la Rep\u00fablica, al evento como invitado especial, adem\u00e1s de senadores, gobernadores y dem\u00e1s personalidades.<\/p>\n<p>A cuatro d\u00edas del cambio de \u201cpoderes\u201d en la entidad, la Plaza de Armas se ha visto alterada en su tranquilidad acostumbrada, grandes estructuras de metal han sido distribuidas a lo largo de esta m\u00edtica plaza &#8211; &#8211; &#8211; d\u00f3nde L\u00f3pez Obrador organiz\u00f3 un sin fin de concentraci\u00f3n y plantones &#8211; &#8211; &#8211; para ir edificando las dos inmensa carpas que albergar\u00e1 ese esperado d\u00eda a m\u00e1s de dos mil asistente a este evento.<\/p>\n<p>Tambi\u00e9n se espera la presencia de\u00a0senadores, diputados federales, los diputados locales, los 17 presidentes municipales, representantes de la sociedad civil y empresarios.<\/p>\n","protected":false},"excerpt":{"rendered":"<p>Un ej\u00e9rcito de \u201cmanos y brazos\u201d trabajan al \u2018tope\u2019 para tener lista a la C\u00e1mara de Diputados locales, la cual ser\u00e1 la sede de la toma de protesta de Ad\u00e1n Augusto L\u00f3pez Hern\u00e1ndez como gobernador Constitucional del Estado de Tabasco, este 31 de diciembre pr\u00f3ximo. Tablones comprimidos de madera, estructura de metal, sierra, martillo, brochas [&hellip;]<\/p>\n","protected":false},"author":2,"featured_media":367973,"comment_status":"closed","ping_status":"closed","sticky":false,"template":"","format":"standard","meta":{"footnotes":""},"categories":[9],"tags":[],"class_list":["post-367995","post","type-post","status-publish","format-standard","has-post-thumbnail","hentry","category-politica"],"_links":{"self":[{"href":"https:\/\/diarioavancetabasco.com\/index.php?rest_route=\/wp\/v2\/posts\/367995","targetHints":{"allow":["GET"]}}],"collection":[{"href":"https:\/\/diarioavancetabasco.com\/index.php?rest_route=\/wp\/v2\/posts"}],"about":[{"href":"https:\/\/diarioavancetabasco.com\/index.php?rest_route=\/wp\/v2\/types\/post"}],"author":[{"embeddable":true,"href":"https:\/\/diarioavancetabasco.com\/index.php?rest_route=\/wp\/v2\/users\/2"}],"replies":[{"embeddable":true,"href":"https:\/\/diarioavancetabasco.com\/index.php?rest_route=%2Fwp%2Fv2%2Fcomments&post=367995"}],"version-history":[{"count":2,"href":"https:\/\/diarioavancetabasco.com\/index.php?rest_route=\/wp\/v2\/posts\/367995\/revisions"}],"predecessor-version":[{"id":368029,"href":"https:\/\/diarioavancetabasco.com\/index.php?rest_route=\/wp\/v2\/posts\/367995\/revisions\/368029"}],"wp:featuredmedia":[{"embeddable":true,"href":"https:\/\/diarioavancetabasco.com\/index.php?rest_route=\/wp\/v2\/media\/367973"}],"wp:attachment":[{"href":"https:\/\/diarioavancetabasco.com\/index.php?rest_route=%2Fwp%2Fv2%2Fmedia&parent=367995"}],"wp:term":[{"taxonomy":"category","embeddable":true,"href":"https:\/\/diarioavancetabasco.com\/index.php?rest_route=%2Fwp%2Fv2%2Fcategories&post=367995"},{"taxonomy":"post_tag","embeddable":true,"href":"https:\/\/diarioavancetabasco.com\/index.php?rest_route=%2Fwp%2Fv2%2Ftags&post=367995"}],"curies":[{"name":"wp","href":"https:\/\/api.w.org\/{rel}","templated":true}]}}