{"id":367999,"date":"2018-12-28T00:09:13","date_gmt":"2018-12-28T06:09:13","guid":{"rendered":"http:\/\/diarioavancetabasco.com\/?p=367999"},"modified":"2018-12-28T00:09:29","modified_gmt":"2018-12-28T06:09:29","slug":"justicia-exigen-los-habitantes-de-cupilco","status":"publish","type":"post","link":"https:\/\/diarioavancetabasco.com\/?p=367999","title":{"rendered":"Justicia exigen los habitantes de Cupilco"},"content":{"rendered":"<p><!--\np.p1 {margin: 0.0px 0.0px 0.0px 0.0px; text-align: justify; line-height: 10.0px; font: 52.0px Whitman}\np.p2 {margin: 0.0px 0.0px 0.0px 0.0px; text-align: justify; line-height: 10.0px; font: 10.0px Whitman}\np.p3 {margin: 0.0px 0.0px 0.0px 0.0px; text-align: justify; text-indent: 6.0px; line-height: 10.0px; font: 10.0px Whitman}\nspan.s1 {letter-spacing: -0.1px}\n-->COMALCALCO, TAB.- La falta de resultados por parte de la Polic\u00eda Ministerial en el caso del asesinato de Guadalupe Jim\u00e9nez P\u00e9rez, en el interior de la iglesia de la \u201cAsunci\u00f3n de Mar\u00eda\u201d en Cupilco, ha generado protesta por parte de los habitantes quienes exigen que se esclarezcan los hechos.<\/p>\n<p>De acuerdo al director de la polic\u00eda local Edy Herrera Cordoba, la Policia Ministerial tiene las evidencias de los presuntos responsables de este asesinato, sin embargo hasta ahora se niega a actuar lo que ha provocado protesta departe de los familiares y de la poblaci\u00f3n en general.<\/p>\n<p>Esto llevo a que ayer los habitantes del lugar citiaran las oficinas en donde se alberga a los p\u00e1rrocos, exigiendo que haya justicia y se detengan a los responsables ya que no est\u00e1n dispuestos a que estos hechos sangrientos queden impune.Esto en tanto que la ahora occiso de 66 a\u00f1os\u00a0 Guadalupe Jim\u00e9nez P\u00e9rez, es velada en la comunidad de Lagartera, de donde era originaria.<\/p>\n<p>Las bolsas, as\u00ed como el bast\u00f3n usado para asesinar a la mujer y otras pertenencias fueron llevada para que los peritos criminalistas realicen las indagatorias y se de con los responsables de este delito, en el cual se tienen evidencias, ya se declaro a un pochimovilero que traslado a los asesinos y tambi\u00e9n se tiene el video.<\/p>\n","protected":false},"excerpt":{"rendered":"<p>COMALCALCO, TAB.- La falta de resultados por parte de la Polic\u00eda Ministerial en el caso del asesinato de Guadalupe Jim\u00e9nez P\u00e9rez, en el interior de la iglesia de la \u201cAsunci\u00f3n de Mar\u00eda\u201d en Cupilco, ha generado protesta por parte de los habitantes quienes exigen que se esclarezcan los hechos. De acuerdo al director de la [&hellip;]<\/p>\n","protected":false},"author":2,"featured_media":367970,"comment_status":"closed","ping_status":"closed","sticky":false,"template":"","format":"standard","meta":{"footnotes":""},"categories":[12],"tags":[],"class_list":["post-367999","post","type-post","status-publish","format-standard","has-post-thumbnail","hentry","category-municipios"],"_links":{"self":[{"href":"https:\/\/diarioavancetabasco.com\/index.php?rest_route=\/wp\/v2\/posts\/367999","targetHints":{"allow":["GET"]}}],"collection":[{"href":"https:\/\/diarioavancetabasco.com\/index.php?rest_route=\/wp\/v2\/posts"}],"about":[{"href":"https:\/\/diarioavancetabasco.com\/index.php?rest_route=\/wp\/v2\/types\/post"}],"author":[{"embeddable":true,"href":"https:\/\/diarioavancetabasco.com\/index.php?rest_route=\/wp\/v2\/users\/2"}],"replies":[{"embeddable":true,"href":"https:\/\/diarioavancetabasco.com\/index.php?rest_route=%2Fwp%2Fv2%2Fcomments&post=367999"}],"version-history":[{"count":2,"href":"https:\/\/diarioavancetabasco.com\/index.php?rest_route=\/wp\/v2\/posts\/367999\/revisions"}],"predecessor-version":[{"id":368031,"href":"https:\/\/diarioavancetabasco.com\/index.php?rest_route=\/wp\/v2\/posts\/367999\/revisions\/368031"}],"wp:featuredmedia":[{"embeddable":true,"href":"https:\/\/diarioavancetabasco.com\/index.php?rest_route=\/wp\/v2\/media\/367970"}],"wp:attachment":[{"href":"https:\/\/diarioavancetabasco.com\/index.php?rest_route=%2Fwp%2Fv2%2Fmedia&parent=367999"}],"wp:term":[{"taxonomy":"category","embeddable":true,"href":"https:\/\/diarioavancetabasco.com\/index.php?rest_route=%2Fwp%2Fv2%2Fcategories&post=367999"},{"taxonomy":"post_tag","embeddable":true,"href":"https:\/\/diarioavancetabasco.com\/index.php?rest_route=%2Fwp%2Fv2%2Ftags&post=367999"}],"curies":[{"name":"wp","href":"https:\/\/api.w.org\/{rel}","templated":true}]}}