{"id":368115,"date":"2018-12-31T00:30:33","date_gmt":"2018-12-31T06:30:33","guid":{"rendered":"http:\/\/diarioavancetabasco.com\/?p=368115"},"modified":"2018-12-31T00:30:38","modified_gmt":"2018-12-31T06:30:38","slug":"el-nuevo-gabinete-lo-que-viene-las-tareas-a-cumplir","status":"publish","type":"post","link":"https:\/\/diarioavancetabasco.com\/?p=368115","title":{"rendered":"El nuevo gabinete, lo que viene, las tareas a cumplir"},"content":{"rendered":"<p><!--\np.p1 {margin: 0.0px 0.0px 0.0px 0.0px; text-align: justify; line-height: 10.0px; font: 52.0px Whitman}\np.p2 {margin: 0.0px 0.0px 0.0px 0.0px; text-align: justify; line-height: 10.0px; font: 10.0px Whitman}\np.p3 {margin: 0.0px 0.0px 0.0px 0.0px; text-align: justify; text-indent: 6.0px; line-height: 10.0px; font: 10.0px Whitman}\np.p4 {margin: 0.0px 0.0px 0.0px 0.0px; text-align: justify; line-height: 10.0px; font: 10.0px Amplitude}\nspan.s1 {letter-spacing: -0.2px}\nspan.s2 {letter-spacing: -0.3px}\nspan.s3 {letter-spacing: -0.1px}\n-->Jos\u00e9 Mart\u00ednez<\/p>\n<p>Ayer se present\u00f3 el gabinete del gobernador Ad\u00e1n Augusto L\u00f3pez Hern\u00e1ndez. Muchos conocidos, algunos no tanto, pero se tiene la confianza de que su trabajo lo hagan bien, cumplan con las encomiendas\u00a0y expectativas que arrancar\u00e1n desde estos primeros d\u00edas de enero del nuevo a\u00f1o.<\/p>\n<p>Como se ha mencionado, el responsable de la pol\u00edtica interna ser\u00e1 Marcos Rosendo Medina Filigrana, quien se desmarc\u00f3 con tiempo desde que fue diputado local en la pasada legislatura, ya que abandon\u00f3\u00a0al PRD para caminar con Morena.<\/p>\n<p>En Salud, uno de los lugares con mayores problemas, estar\u00e1 Silvia Guillermina Rold\u00e1n Fern\u00e1ndez, y ah\u00ed ser\u00e1 acompa\u00f1ada por el doctor Manuel P\u00e9rez Lanz, en la Subsecretar\u00eda de Servicios de Salud;\u00a0as\u00ed como de Leopoldo Gastelum, en la Subsecretar\u00eda de Salud P\u00fablica.<\/p>\n<p>En Educaci\u00f3n se ver\u00e1 a Guillermo Narv\u00e1ez Osorio; repite Jorge Alberto Aguirre Carbajal, pero ahora con nuevo nombre, Secretar\u00eda de Seguridad y Protecci\u00f3n Ciudadana.<\/p>\n<p>Para detonar el turismo estar\u00e1 al frente Jos\u00e9 Antonio Nieves Rodr\u00edguez; en Finanzas despachar\u00e1 Said Arminio Mena Oropeza. En Cultura, Yolanda Osuna Huerta. En la Secretar\u00eda para el DesarrolloEnerg\u00e9tico, Jos\u00e9 Antonio de la Vega Asmitia. En Desarrollo Econ\u00f3mico va Mayra Elena Jacobo Priego. Secretar\u00eda de Movilidad, estar\u00e1 Egla Cornelio Landero.<\/p>\n<p>Algunos de los que se conocen e incluso dem\u00e1s, son Jorge Mier y Ter\u00e1n Su\u00e1rez, quien repite en Protecci\u00f3n Civil; Armando Padilla a quien veremos en la Comisi\u00f3n Estatal de Agua y Saneamiento. Francisco\u00a0S\u00e1nchez Ramos, en Coordinaci\u00f3n Estatal para la Regularizaci\u00f3n de la Tenencia de la Tierra. Jes\u00fas Al\u00ed de la Torre, Coordinaci\u00f3n General de Enlace Federal y Vinculaci\u00f3n Institucional.<\/p>\n<p>Ad\u00e1n Augusto L\u00f3pez Hern\u00e1ndez dijo que en los casos espec\u00edficos de Seguridad P\u00fablica y Protecci\u00f3n Civil, los titulares repiten por el trabajo que vinieron realizando, y que ahora las acciones queven\u00edan desarrollando tienen que mejorar y fortalecerse.<\/p>\n<p>Indic\u00f3 que ahora el C4 pas\u00f3 a formar parte de Seguridad, y por lo tanto se le dar\u00e1 autonom\u00eda presupuestaria para que vayan teniendo resultados m\u00e1s \u00f3ptimos.<\/p>\n<p>Dijo que su primer acto de gobierno es en la Secretar\u00eda de Seguridad, donde sostendr\u00e1 una reuni\u00f3n con los mandos a las seis y media de la ma\u00f1ana, luego acompa\u00f1ar\u00e1 a los magistrados en el pleno\u00a0a las 12 del d\u00eda, y el dos de enero tendr\u00e1 su primera reuni\u00f3n de Seguridad a la siete de la ma\u00f1ana.<\/p>\n<p>Por lo que se puede observar, es precisamente a esta materia a la que se le dar\u00e1 un poco m\u00e1s de atenci\u00f3n. L\u00f3pez Hern\u00e1ndez sabe que el problema es nacional, pero en la entidad se debe responder\u00a0en seguridad para el tabasque\u00f1o.<\/p>\n<p>En una primera entrevista, luego de darse a conocer el gabinete, sostuvo que sigue firme el empr\u00e9stito que se solicit\u00f3, que ir\u00e1 de los seis mil a los ocho mil millones de pesos, solo est\u00e1n afinando\u00a0algunos de los proyectos, sobre todo para arrancar con las obras prometidas como la v\u00eda corta a Dos Bocas, algunos libramientos que faltan, as\u00ed como una planta potabilizadora.<\/p>\n<p><b>HABERES<\/b><\/p>\n<p>EL nuevo secretario de Gobierno, Marcos Rosendo Medina, hizo el compromiso, por indicaciones del gobernador electo, Ad\u00e1n Augusto L\u00f3pez Hern\u00e1ndez, de resolver los pagos de los trabajadores jubiladosdel ISSET, a quienes les dijo que habr\u00e1 reuniones el d\u00eda 2 de enero con los titulares de Finanzas, y el nuevo director del organismo, para que el 5 se haga una calendarizaci\u00f3n y se les pague antes del d\u00eda 15 de ese mes.<\/p>\n","protected":false},"excerpt":{"rendered":"<p>Jos\u00e9 Mart\u00ednez Ayer se present\u00f3 el gabinete del gobernador Ad\u00e1n Augusto L\u00f3pez Hern\u00e1ndez. Muchos conocidos, algunos no tanto, pero se tiene la confianza de que su trabajo lo hagan bien, cumplan con las encomiendas\u00a0y expectativas que arrancar\u00e1n desde estos primeros d\u00edas de enero del nuevo a\u00f1o. Como se ha mencionado, el responsable de la pol\u00edtica [&hellip;]<\/p>\n","protected":false},"author":2,"featured_media":367968,"comment_status":"closed","ping_status":"closed","sticky":false,"template":"","format":"standard","meta":{"footnotes":""},"categories":[9],"tags":[],"class_list":["post-368115","post","type-post","status-publish","format-standard","has-post-thumbnail","hentry","category-politica"],"_links":{"self":[{"href":"https:\/\/diarioavancetabasco.com\/index.php?rest_route=\/wp\/v2\/posts\/368115","targetHints":{"allow":["GET"]}}],"collection":[{"href":"https:\/\/diarioavancetabasco.com\/index.php?rest_route=\/wp\/v2\/posts"}],"about":[{"href":"https:\/\/diarioavancetabasco.com\/index.php?rest_route=\/wp\/v2\/types\/post"}],"author":[{"embeddable":true,"href":"https:\/\/diarioavancetabasco.com\/index.php?rest_route=\/wp\/v2\/users\/2"}],"replies":[{"embeddable":true,"href":"https:\/\/diarioavancetabasco.com\/index.php?rest_route=%2Fwp%2Fv2%2Fcomments&post=368115"}],"version-history":[{"count":2,"href":"https:\/\/diarioavancetabasco.com\/index.php?rest_route=\/wp\/v2\/posts\/368115\/revisions"}],"predecessor-version":[{"id":368176,"href":"https:\/\/diarioavancetabasco.com\/index.php?rest_route=\/wp\/v2\/posts\/368115\/revisions\/368176"}],"wp:featuredmedia":[{"embeddable":true,"href":"https:\/\/diarioavancetabasco.com\/index.php?rest_route=\/wp\/v2\/media\/367968"}],"wp:attachment":[{"href":"https:\/\/diarioavancetabasco.com\/index.php?rest_route=%2Fwp%2Fv2%2Fmedia&parent=368115"}],"wp:term":[{"taxonomy":"category","embeddable":true,"href":"https:\/\/diarioavancetabasco.com\/index.php?rest_route=%2Fwp%2Fv2%2Fcategories&post=368115"},{"taxonomy":"post_tag","embeddable":true,"href":"https:\/\/diarioavancetabasco.com\/index.php?rest_route=%2Fwp%2Fv2%2Ftags&post=368115"}],"curies":[{"name":"wp","href":"https:\/\/api.w.org\/{rel}","templated":true}]}}