{"id":368140,"date":"2018-12-31T00:22:48","date_gmt":"2018-12-31T06:22:48","guid":{"rendered":"http:\/\/diarioavancetabasco.com\/?p=368140"},"modified":"2018-12-31T00:22:50","modified_gmt":"2018-12-31T06:22:50","slug":"el-actual-edificio-esta-a-punto-de-desplomarse","status":"publish","type":"post","link":"https:\/\/diarioavancetabasco.com\/?p=368140","title":{"rendered":"El actual edificio est\u00e1  a punto de desplomarse"},"content":{"rendered":"<p><!--\np.p1 {margin: 0.0px 0.0px 0.0px 0.0px; text-align: justify; line-height: 10.0px; font: 52.0px Whitman}\np.p2 {margin: 0.0px 0.0px 0.0px 0.0px; text-align: justify; line-height: 10.0px; font: 10.0px Whitman}\np.p3 {margin: 0.0px 0.0px 0.0px 0.0px; text-align: justify; text-indent: 6.0px; line-height: 10.0px; font: 10.0px Whitman}\nspan.s1 {letter-spacing: -0.4px}\nspan.s2 {letter-spacing: -0.2px}\n-->COMALCALCO, TAB.- Ser\u00e1 en los primeros d\u00edas de enero del 2019, cuando se lleve acabo el banderazo de inicio de lo que ser\u00e1 el nuevo mercado \u201c27 de Octubre\u201d, habi\u00e9ndose autorizado un presupuesto para este magno proyecto en base al imprestito solicitado por el cabildo municipal seg\u00fan dio a conocer el director de Obras P\u00fablicas Mario Gonz\u00e1lez Noverola.<\/p>\n<p>El funcionario dijo que ya se esta ubicando los terrenos en donde ser\u00e1n llevado los locatarios del mercado publico, durante el tiempo que estos realicen el proyecto dejando claro que\u00a0 este proyecto es algo urgente debido al estado que guarda el centro de abasto el cual presenta una serie de deficiencias.<\/p>\n<p>Gonz\u00e1lez Noverola dijo que los recursos al que podr\u00e1 acceder la autoridad, permitir\u00e1 que el gobierno de Comalcalco,\u00a0lo destine a la inversi\u00f3n p\u00fablica productiva consistente\u00a0en\u00a0la remodelaci\u00f3n del mercado p\u00fablico municipal y ser\u00e1 pagado en\u00a0un tiempo de cinco a\u00f1os con recursos propios.<\/p>\n","protected":false},"excerpt":{"rendered":"<p>COMALCALCO, TAB.- Ser\u00e1 en los primeros d\u00edas de enero del 2019, cuando se lleve acabo el banderazo de inicio de lo que ser\u00e1 el nuevo mercado \u201c27 de Octubre\u201d, habi\u00e9ndose autorizado un presupuesto para este magno proyecto en base al imprestito solicitado por el cabildo municipal seg\u00fan dio a conocer el director de Obras P\u00fablicas [&hellip;]<\/p>\n","protected":false},"author":2,"featured_media":368122,"comment_status":"closed","ping_status":"closed","sticky":false,"template":"","format":"standard","meta":{"footnotes":""},"categories":[12],"tags":[],"class_list":["post-368140","post","type-post","status-publish","format-standard","has-post-thumbnail","hentry","category-municipios"],"_links":{"self":[{"href":"https:\/\/diarioavancetabasco.com\/index.php?rest_route=\/wp\/v2\/posts\/368140","targetHints":{"allow":["GET"]}}],"collection":[{"href":"https:\/\/diarioavancetabasco.com\/index.php?rest_route=\/wp\/v2\/posts"}],"about":[{"href":"https:\/\/diarioavancetabasco.com\/index.php?rest_route=\/wp\/v2\/types\/post"}],"author":[{"embeddable":true,"href":"https:\/\/diarioavancetabasco.com\/index.php?rest_route=\/wp\/v2\/users\/2"}],"replies":[{"embeddable":true,"href":"https:\/\/diarioavancetabasco.com\/index.php?rest_route=%2Fwp%2Fv2%2Fcomments&post=368140"}],"version-history":[{"count":2,"href":"https:\/\/diarioavancetabasco.com\/index.php?rest_route=\/wp\/v2\/posts\/368140\/revisions"}],"predecessor-version":[{"id":368171,"href":"https:\/\/diarioavancetabasco.com\/index.php?rest_route=\/wp\/v2\/posts\/368140\/revisions\/368171"}],"wp:featuredmedia":[{"embeddable":true,"href":"https:\/\/diarioavancetabasco.com\/index.php?rest_route=\/wp\/v2\/media\/368122"}],"wp:attachment":[{"href":"https:\/\/diarioavancetabasco.com\/index.php?rest_route=%2Fwp%2Fv2%2Fmedia&parent=368140"}],"wp:term":[{"taxonomy":"category","embeddable":true,"href":"https:\/\/diarioavancetabasco.com\/index.php?rest_route=%2Fwp%2Fv2%2Fcategories&post=368140"},{"taxonomy":"post_tag","embeddable":true,"href":"https:\/\/diarioavancetabasco.com\/index.php?rest_route=%2Fwp%2Fv2%2Ftags&post=368140"}],"curies":[{"name":"wp","href":"https:\/\/api.w.org\/{rel}","templated":true}]}}