{"id":368142,"date":"2018-12-31T00:23:22","date_gmt":"2018-12-31T06:23:22","guid":{"rendered":"http:\/\/diarioavancetabasco.com\/?p=368142"},"modified":"2018-12-31T00:23:28","modified_gmt":"2018-12-31T06:23:28","slug":"cerraran-biblioteca-publica","status":"publish","type":"post","link":"https:\/\/diarioavancetabasco.com\/?p=368142","title":{"rendered":"Cerrar\u00e1n biblioteca p\u00fablica"},"content":{"rendered":"<p><!--\np.p1 {margin: 0.0px 0.0px 0.0px 0.0px; text-align: justify; line-height: 10.0px; font: 52.0px Whitman}\np.p2 {margin: 0.0px 0.0px 0.0px 0.0px; text-align: justify; line-height: 10.0px; font: 10.0px Whitman}\np.p3 {margin: 0.0px 0.0px 0.0px 0.0px; text-align: justify; text-indent: 6.0px; line-height: 10.0px; font: 10.0px Whitman}\nspan.s1 {letter-spacing: -0.2px}\n-->TEAPA, TAB.- El Juzgado Civil de primera instancia del octavo distrito judicial de Teapa, notific\u00f3 en el mes de octubre de 2010, la promoci\u00f3n del Juicio Reivindicatorio en contra el Ayuntamiento de Teapa en reclamo a una superficie de 4,942.29 m2, sobre la cual se encuentra erigida actualmente la biblioteca p\u00fablica \u201cFelix Fulgencio Palavicini\u201d.<\/p>\n<p>La promoci\u00f3n de esta demanda fue realizada por Juan Jos\u00e9 David Le\u00f3n Rosales, hijo y apoderado legal para pleitos y cobranzas del se\u00f1or Juan Jos\u00e9 Le\u00f3n R\u00edos, y la resoluci\u00f3n legal lo acredita como propiedad del representado, siendo actualmente afectado por la indebida e ilegal ocupaci\u00f3n del edificio.<\/p>\n<p>Asimismo, se ordena la desocupaci\u00f3n y entrega del inmueble y el pago de da\u00f1os y perjuicios por la ocupaci\u00f3n de mala fe; consider\u00e1ndose en el referido juicio declarado en el 2010, siendo alcalde H\u00e9ctor Ra\u00fal Cabrera Pascasio, ning\u00fan presidente municipal a la fecha ha dado cumplimiento.<\/p>\n<p>Ha trascendido que dicha adquisici\u00f3n del predio fue realizada durante el trienio 2001-2003, siendo alcalde Marco Antonio Espadas Garc\u00eda, m\u00e1s con el pasar de los a\u00f1os cualquier documentaci\u00f3n que acreditara la compra desapareci\u00f3 del acervo documental del Ayuntamiento de Teapa lo cual dio paso a la reclamaci\u00f3n legal del predio por Juan Jos\u00e9 Le\u00f3n R\u00edos, ahora que su se\u00f1or padre, quien realiz\u00f3 la venta no est\u00e1 vivo para acreditar -si fuera posible- que en efecto se realiz\u00f3 una venta legal.<\/p>\n<p>Ante esta situaci\u00f3n, la actual administraci\u00f3n que preside Tey Mollinedo Cano, ha implementado las actividades culturales que conciernen a la Coordinaci\u00f3n de Bibliotecas evitando que el problema legal que enfrenta el predio de la \u201cF\u00e9lix Fulgencio Palavicini\u201d detenga la consulta de acervo, c\u00edrculos de lectura, evaluaciones, vinculaciones y c\u00edrculos de estudio que se ofrecen.<\/p>\n","protected":false},"excerpt":{"rendered":"<p>TEAPA, TAB.- El Juzgado Civil de primera instancia del octavo distrito judicial de Teapa, notific\u00f3 en el mes de octubre de 2010, la promoci\u00f3n del Juicio Reivindicatorio en contra el Ayuntamiento de Teapa en reclamo a una superficie de 4,942.29 m2, sobre la cual se encuentra erigida actualmente la biblioteca p\u00fablica \u201cFelix Fulgencio Palavicini\u201d. La [&hellip;]<\/p>\n","protected":false},"author":2,"featured_media":368120,"comment_status":"closed","ping_status":"closed","sticky":false,"template":"","format":"standard","meta":{"footnotes":""},"categories":[12],"tags":[],"class_list":["post-368142","post","type-post","status-publish","format-standard","has-post-thumbnail","hentry","category-municipios"],"_links":{"self":[{"href":"https:\/\/diarioavancetabasco.com\/index.php?rest_route=\/wp\/v2\/posts\/368142","targetHints":{"allow":["GET"]}}],"collection":[{"href":"https:\/\/diarioavancetabasco.com\/index.php?rest_route=\/wp\/v2\/posts"}],"about":[{"href":"https:\/\/diarioavancetabasco.com\/index.php?rest_route=\/wp\/v2\/types\/post"}],"author":[{"embeddable":true,"href":"https:\/\/diarioavancetabasco.com\/index.php?rest_route=\/wp\/v2\/users\/2"}],"replies":[{"embeddable":true,"href":"https:\/\/diarioavancetabasco.com\/index.php?rest_route=%2Fwp%2Fv2%2Fcomments&post=368142"}],"version-history":[{"count":2,"href":"https:\/\/diarioavancetabasco.com\/index.php?rest_route=\/wp\/v2\/posts\/368142\/revisions"}],"predecessor-version":[{"id":368172,"href":"https:\/\/diarioavancetabasco.com\/index.php?rest_route=\/wp\/v2\/posts\/368142\/revisions\/368172"}],"wp:featuredmedia":[{"embeddable":true,"href":"https:\/\/diarioavancetabasco.com\/index.php?rest_route=\/wp\/v2\/media\/368120"}],"wp:attachment":[{"href":"https:\/\/diarioavancetabasco.com\/index.php?rest_route=%2Fwp%2Fv2%2Fmedia&parent=368142"}],"wp:term":[{"taxonomy":"category","embeddable":true,"href":"https:\/\/diarioavancetabasco.com\/index.php?rest_route=%2Fwp%2Fv2%2Fcategories&post=368142"},{"taxonomy":"post_tag","embeddable":true,"href":"https:\/\/diarioavancetabasco.com\/index.php?rest_route=%2Fwp%2Fv2%2Ftags&post=368142"}],"curies":[{"name":"wp","href":"https:\/\/api.w.org\/{rel}","templated":true}]}}