{"id":368155,"date":"2018-12-31T00:32:34","date_gmt":"2018-12-31T06:32:34","guid":{"rendered":"http:\/\/diarioavancetabasco.com\/?p=368155"},"modified":"2018-12-31T00:32:36","modified_gmt":"2018-12-31T06:32:36","slug":"relevo-en-el-gobierno-estatal","status":"publish","type":"post","link":"https:\/\/diarioavancetabasco.com\/?p=368155","title":{"rendered":"Relevo en el gobierno estatal"},"content":{"rendered":"<p><!--\np.p1 {margin: 0.0px 0.0px 0.0px 0.0px; text-align: justify; line-height: 10.0px; font: 52.0px Whitman}\np.p2 {margin: 0.0px 0.0px 0.0px 0.0px; text-align: justify; line-height: 10.0px; font: 10.0px Whitman}\np.p3 {margin: 0.0px 0.0px 0.0px 0.0px; text-align: justify; text-indent: 6.0px; line-height: 10.0px; font: 10.0px Whitman}\nspan.s1 {letter-spacing: -0.3px}\n-->Este d\u00eda el gobernador electo del estado Ad\u00e1n Augusto L\u00f3pez Hern\u00e1ndez, tomar\u00e1 protesta como mandatario estatal acompa\u00f1ado de gobernadores de otras entidades pero especialmente el presidente de la rep\u00fablica, Andr\u00e9s Manuel L\u00f3pez, lo har\u00e1 en el Congreso del Estado siendo un evento totalmente republicano y que no se daba desde hace varios a\u00f1os.<\/p>\n<p>Los gobernadores que podr\u00edan asistir a este evento serian de Campeche, Rafael Alejandro Moreno C\u00e1rdenas; Veracruz, Cuitl\u00e1huac Garc\u00eda Jim\u00e9nez; Chiapas, Rutilio Cruz Escand\u00f3n Cadenas; de Yucat\u00e1n, Mauricio Vila Dosal; de Quintana Roo, Carlos Manuel Joaqu\u00edn Gonz\u00e1lez, la jefa de Gobierno de la Ciudad de M\u00e9xico, Claudia Sheinbaum Pardo, y de Morelos, Cuauht\u00e9moc Blanco. Al lugar tambi\u00e9n arribaran embajadores, diputados federales, diputados locales, senadores, presidentes municipales, l\u00edderes empresariales, entre otros.\u00a0 En base a la informaci\u00f3n proporcionada por la propia log\u00edstica del evento, el mandatario nacional sostendr\u00e1 un encuentro con los gobernadores saliente y entrante para despu\u00e9s dirigirse al Congreso del Estado.\u00a0 Los funcionarios federales tambi\u00e9n acudir\u00e1n a esta toma de protesta, entre la que se encuentra la Secretaria de Energ\u00eda, Roc\u00edo Nahle y la presidenta del Comit\u00e9 Ejecutivo Nacional de Morena, Yeidckol Polevnsky Gurwitz.<\/p>\n","protected":false},"excerpt":{"rendered":"<p>Este d\u00eda el gobernador electo del estado Ad\u00e1n Augusto L\u00f3pez Hern\u00e1ndez, tomar\u00e1 protesta como mandatario estatal acompa\u00f1ado de gobernadores de otras entidades pero especialmente el presidente de la rep\u00fablica, Andr\u00e9s Manuel L\u00f3pez, lo har\u00e1 en el Congreso del Estado siendo un evento totalmente republicano y que no se daba desde hace varios a\u00f1os. Los gobernadores [&hellip;]<\/p>\n","protected":false},"author":2,"featured_media":368132,"comment_status":"closed","ping_status":"closed","sticky":false,"template":"","format":"standard","meta":{"footnotes":""},"categories":[9],"tags":[],"class_list":["post-368155","post","type-post","status-publish","format-standard","has-post-thumbnail","hentry","category-politica"],"_links":{"self":[{"href":"https:\/\/diarioavancetabasco.com\/index.php?rest_route=\/wp\/v2\/posts\/368155","targetHints":{"allow":["GET"]}}],"collection":[{"href":"https:\/\/diarioavancetabasco.com\/index.php?rest_route=\/wp\/v2\/posts"}],"about":[{"href":"https:\/\/diarioavancetabasco.com\/index.php?rest_route=\/wp\/v2\/types\/post"}],"author":[{"embeddable":true,"href":"https:\/\/diarioavancetabasco.com\/index.php?rest_route=\/wp\/v2\/users\/2"}],"replies":[{"embeddable":true,"href":"https:\/\/diarioavancetabasco.com\/index.php?rest_route=%2Fwp%2Fv2%2Fcomments&post=368155"}],"version-history":[{"count":2,"href":"https:\/\/diarioavancetabasco.com\/index.php?rest_route=\/wp\/v2\/posts\/368155\/revisions"}],"predecessor-version":[{"id":368179,"href":"https:\/\/diarioavancetabasco.com\/index.php?rest_route=\/wp\/v2\/posts\/368155\/revisions\/368179"}],"wp:featuredmedia":[{"embeddable":true,"href":"https:\/\/diarioavancetabasco.com\/index.php?rest_route=\/wp\/v2\/media\/368132"}],"wp:attachment":[{"href":"https:\/\/diarioavancetabasco.com\/index.php?rest_route=%2Fwp%2Fv2%2Fmedia&parent=368155"}],"wp:term":[{"taxonomy":"category","embeddable":true,"href":"https:\/\/diarioavancetabasco.com\/index.php?rest_route=%2Fwp%2Fv2%2Fcategories&post=368155"},{"taxonomy":"post_tag","embeddable":true,"href":"https:\/\/diarioavancetabasco.com\/index.php?rest_route=%2Fwp%2Fv2%2Ftags&post=368155"}],"curies":[{"name":"wp","href":"https:\/\/api.w.org\/{rel}","templated":true}]}}