{"id":368157,"date":"2018-12-31T00:35:53","date_gmt":"2018-12-31T06:35:53","guid":{"rendered":"http:\/\/diarioavancetabasco.com\/?p=368157"},"modified":"2018-12-31T00:43:31","modified_gmt":"2018-12-31T06:43:31","slug":"confia-obispo-que-nueva-administracion-pague-a-burocratas","status":"publish","type":"post","link":"https:\/\/diarioavancetabasco.com\/?p=368157","title":{"rendered":"Conf\u00eda Obispo que  nueva administraci\u00f3n  pague a bur\u00f3cratas"},"content":{"rendered":"<p><!--\np.p1 {margin: 0.0px 0.0px 0.0px 0.0px; text-align: justify; line-height: 10.0px; font: 10.0px Whitman}\np.p2 {margin: 0.0px 0.0px 0.0px 0.0px; text-align: justify; text-indent: 6.0px; line-height: 10.0px; font: 10.0px Whitman}\nspan.s1 {letter-spacing: -0.3px}\n-->En rueda de prensa\u00a0 Gerardo de Jes\u00fas Rojas L\u00f3pez, el obispo\u00a0 de Tabasco, confi\u00f3 en que, de no darse una soluci\u00f3n al conflicto por la falta de pago a los bur\u00f3cratas, la nueva administraci\u00f3n estatal inicie cumpliendo con estas demandas salariales y de prestaciones de fin de a\u00f1o.<\/p>\n<p>\u201cYo pienso que hay responsables y hay que buscar los mecanismos propios que se tienen de acuerdo a la legislaci\u00f3n; qui\u00e9n tiene el dinero y qui\u00e9n debe pagar para que se acabe este problema que afecta a terceras personas\u201d.<\/p>\n<p>El\u00a0 jerarca cat\u00f3lico dio el voto de confianza al gabinete del nuevo gobierno estatal que encabezar\u00e1 Ad\u00e1n Augusto L\u00f3pez Hern\u00e1ndez, reci\u00e9n dado a conocer.<\/p>\n<p>\u201cNo he visto la lista, pero conf\u00edo en que el gobernador con su prudencia y sensatez escoja a las personas id\u00f3neos para su gobierno\u201d.<\/p>\n<p>En torno al caso de la se\u00f1ora que fuera violada\u00a0 y asesinada en la iglesia de Cupilco, el obispo indic\u00f3 que de acuerdo a los pobladores de la localidad las autoridades no han liberado orden de aprehensi\u00f3n contra los presuntos homicidas a pesar de que est\u00e1n plenamente identificados.<\/p>\n","protected":false},"excerpt":{"rendered":"<p>En rueda de prensa\u00a0 Gerardo de Jes\u00fas Rojas L\u00f3pez, el obispo\u00a0 de Tabasco, confi\u00f3 en que, de no darse una soluci\u00f3n al conflicto por la falta de pago a los bur\u00f3cratas, la nueva administraci\u00f3n estatal inicie cumpliendo con estas demandas salariales y de prestaciones de fin de a\u00f1o. \u201cYo pienso que hay responsables y hay [&hellip;]<\/p>\n","protected":false},"author":2,"featured_media":368131,"comment_status":"closed","ping_status":"closed","sticky":false,"template":"","format":"standard","meta":{"footnotes":""},"categories":[9],"tags":[],"class_list":["post-368157","post","type-post","status-publish","format-standard","has-post-thumbnail","hentry","category-politica"],"_links":{"self":[{"href":"https:\/\/diarioavancetabasco.com\/index.php?rest_route=\/wp\/v2\/posts\/368157","targetHints":{"allow":["GET"]}}],"collection":[{"href":"https:\/\/diarioavancetabasco.com\/index.php?rest_route=\/wp\/v2\/posts"}],"about":[{"href":"https:\/\/diarioavancetabasco.com\/index.php?rest_route=\/wp\/v2\/types\/post"}],"author":[{"embeddable":true,"href":"https:\/\/diarioavancetabasco.com\/index.php?rest_route=\/wp\/v2\/users\/2"}],"replies":[{"embeddable":true,"href":"https:\/\/diarioavancetabasco.com\/index.php?rest_route=%2Fwp%2Fv2%2Fcomments&post=368157"}],"version-history":[{"count":2,"href":"https:\/\/diarioavancetabasco.com\/index.php?rest_route=\/wp\/v2\/posts\/368157\/revisions"}],"predecessor-version":[{"id":368180,"href":"https:\/\/diarioavancetabasco.com\/index.php?rest_route=\/wp\/v2\/posts\/368157\/revisions\/368180"}],"wp:featuredmedia":[{"embeddable":true,"href":"https:\/\/diarioavancetabasco.com\/index.php?rest_route=\/wp\/v2\/media\/368131"}],"wp:attachment":[{"href":"https:\/\/diarioavancetabasco.com\/index.php?rest_route=%2Fwp%2Fv2%2Fmedia&parent=368157"}],"wp:term":[{"taxonomy":"category","embeddable":true,"href":"https:\/\/diarioavancetabasco.com\/index.php?rest_route=%2Fwp%2Fv2%2Fcategories&post=368157"},{"taxonomy":"post_tag","embeddable":true,"href":"https:\/\/diarioavancetabasco.com\/index.php?rest_route=%2Fwp%2Fv2%2Ftags&post=368157"}],"curies":[{"name":"wp","href":"https:\/\/api.w.org\/{rel}","templated":true}]}}