{"id":368214,"date":"2019-01-01T00:08:18","date_gmt":"2019-01-01T06:08:18","guid":{"rendered":"http:\/\/diarioavancetabasco.com\/?p=368214"},"modified":"2019-01-01T00:08:19","modified_gmt":"2019-01-01T06:08:19","slug":"lainez-2018-de-ensueno","status":"publish","type":"post","link":"https:\/\/diarioavancetabasco.com\/?p=368214","title":{"rendered":"\u00a1Lainez, 2018 de ensue\u00f1o!"},"content":{"rendered":"<p><!--\np.p1 {margin: 0.0px 0.0px 0.0px 0.0px; text-align: justify; line-height: 10.0px; font: 52.0px Whitman}\np.p2 {margin: 0.0px 0.0px 0.0px 0.0px; text-align: justify; line-height: 10.0px; font: 10.0px Whitman}\np.p3 {margin: 0.0px 0.0px 0.0px 0.0px; text-align: justify; text-indent: 6.0px; line-height: 10.0px; font: 10.0px Whitman}\nspan.s1 {letter-spacing: -0.2px}\nspan.s2 {letter-spacing: -0.1px}\n-->El mismo a\u00f1o que\u00a0Diego Lainez\u00a0lleg\u00f3 a la mayor\u00eda de edad, la joya azulcrema dio el estir\u00f3n futbol\u00edstico tanto a nivel individual como colectivo, como jugador del\u00a0Am\u00e9rica\u00a0y tambi\u00e9n como seleccionado.<\/p>\n<p>El tabasque\u00f1o cumpli\u00f3 18 a\u00f1os el 9 de junio, en un a\u00f1o de ensue\u00f1o que lo tiene cerca de emigrar a Europa por el inter\u00e9s del\u00a0Ajax, todav\u00eda lejos de que el valor de sus derechos alcance su m\u00e1ximo nivel.<\/p>\n<p>Este a\u00f1o, el atacante triplic\u00f3 su valor, pues de los 500 mil euros en que estaba valuado en mayo, termina el a\u00f1o en 1.5 millones, cifra incipiente para lo que promete.<\/p>\n<p>Titular con las \u00c1guilas en gran parte del\u00a0Apertura 2018,\u00a0Lainez\u00a0puso la cereza en su pastel con el t\u00edtulo de Liga MX, donde se consolid\u00f3 como estelar y goleador, pues marc\u00f3 3 goles en Fase Regular y 2 en Liguilla contra\u00a0Pumas.<\/p>\n","protected":false},"excerpt":{"rendered":"<p>El mismo a\u00f1o que\u00a0Diego Lainez\u00a0lleg\u00f3 a la mayor\u00eda de edad, la joya azulcrema dio el estir\u00f3n futbol\u00edstico tanto a nivel individual como colectivo, como jugador del\u00a0Am\u00e9rica\u00a0y tambi\u00e9n como seleccionado. El tabasque\u00f1o cumpli\u00f3 18 a\u00f1os el 9 de junio, en un a\u00f1o de ensue\u00f1o que lo tiene cerca de emigrar a Europa por el inter\u00e9s del\u00a0Ajax, [&hellip;]<\/p>\n","protected":false},"author":2,"featured_media":368189,"comment_status":"closed","ping_status":"closed","sticky":false,"template":"","format":"standard","meta":{"footnotes":""},"categories":[6],"tags":[],"class_list":["post-368214","post","type-post","status-publish","format-standard","has-post-thumbnail","hentry","category-deportes"],"_links":{"self":[{"href":"https:\/\/diarioavancetabasco.com\/index.php?rest_route=\/wp\/v2\/posts\/368214","targetHints":{"allow":["GET"]}}],"collection":[{"href":"https:\/\/diarioavancetabasco.com\/index.php?rest_route=\/wp\/v2\/posts"}],"about":[{"href":"https:\/\/diarioavancetabasco.com\/index.php?rest_route=\/wp\/v2\/types\/post"}],"author":[{"embeddable":true,"href":"https:\/\/diarioavancetabasco.com\/index.php?rest_route=\/wp\/v2\/users\/2"}],"replies":[{"embeddable":true,"href":"https:\/\/diarioavancetabasco.com\/index.php?rest_route=%2Fwp%2Fv2%2Fcomments&post=368214"}],"version-history":[{"count":2,"href":"https:\/\/diarioavancetabasco.com\/index.php?rest_route=\/wp\/v2\/posts\/368214\/revisions"}],"predecessor-version":[{"id":368238,"href":"https:\/\/diarioavancetabasco.com\/index.php?rest_route=\/wp\/v2\/posts\/368214\/revisions\/368238"}],"wp:featuredmedia":[{"embeddable":true,"href":"https:\/\/diarioavancetabasco.com\/index.php?rest_route=\/wp\/v2\/media\/368189"}],"wp:attachment":[{"href":"https:\/\/diarioavancetabasco.com\/index.php?rest_route=%2Fwp%2Fv2%2Fmedia&parent=368214"}],"wp:term":[{"taxonomy":"category","embeddable":true,"href":"https:\/\/diarioavancetabasco.com\/index.php?rest_route=%2Fwp%2Fv2%2Fcategories&post=368214"},{"taxonomy":"post_tag","embeddable":true,"href":"https:\/\/diarioavancetabasco.com\/index.php?rest_route=%2Fwp%2Fv2%2Ftags&post=368214"}],"curies":[{"name":"wp","href":"https:\/\/api.w.org\/{rel}","templated":true}]}}