{"id":368271,"date":"2019-01-03T00:03:49","date_gmt":"2019-01-03T06:03:49","guid":{"rendered":"http:\/\/diarioavancetabasco.com\/?p=368271"},"modified":"2019-01-03T00:03:51","modified_gmt":"2019-01-03T06:03:51","slug":"no-es-capricho-el-aumento-a-tarifa-de-los-taxis-vidal","status":"publish","type":"post","link":"https:\/\/diarioavancetabasco.com\/?p=368271","title":{"rendered":"No es capricho el aumento a tarifa de los taxis: Vidal"},"content":{"rendered":"<p><!--\np.p1 {margin: 0.0px 0.0px 0.0px 0.0px; text-align: justify; line-height: 10.0px; font: 52.0px Whitman}\np.p2 {margin: 0.0px 0.0px 0.0px 0.0px; text-align: justify; line-height: 10.0px; font: 10.0px Whitman}\np.p3 {margin: 0.0px 0.0px 0.0px 0.0px; text-align: justify; text-indent: 6.0px; line-height: 10.0px; font: 10.0px Whitman}\nspan.s1 {letter-spacing: -0.1px}\n-->Luis Vidal Baeza, l\u00edder de la Uni\u00f3n de Taxis Amarillos, inform\u00f3 que no es un capricho el incremento a la tarifa del servicio de taxis, pues se hizo un estudio de factibilidad donde hasta m\u00e1s de 10 pesos arrojaba el ajuste.<\/p>\n<p>Sin embargo, expuso que hay temor de que se revierta este incremento, por lo que dijo el gobernador Ad\u00e1n Augusto L\u00f3pez Hern\u00e1ndez, sin embargo, a\u00fan no se ha comenzado a aplicar y esperan comenzar a aplicar este incremento a aplicarse el pr\u00f3ximo s\u00e1bado, pues se estar\u00e1 informando a los usuarios.<\/p>\n<p>\u201cSi tenemos un aumento de cinco pesos, estamos menos de la mitad de la tarifa actual, creo que dio entre 13 o 14 pesos que es lo que dio el estudio que ten\u00edamos qu\u00e9 cobrar, sin embargo, yo pregunt\u00e9 y decidimos que cinco pesos era lo ideal para no golpear el bolsillo de los trabajadores\u201d.<\/p>\n<p>Agreg\u00f3 que si el gobierno del estado les habla para detener este incremento, est\u00e1n abiertos al di\u00e1logo y escuchar\u00e1n la propuesta, sin embargo, el incremento se debi\u00f3 de haber dado desde hace tres a\u00f1os.<\/p>\n","protected":false},"excerpt":{"rendered":"<p>Luis Vidal Baeza, l\u00edder de la Uni\u00f3n de Taxis Amarillos, inform\u00f3 que no es un capricho el incremento a la tarifa del servicio de taxis, pues se hizo un estudio de factibilidad donde hasta m\u00e1s de 10 pesos arrojaba el ajuste. Sin embargo, expuso que hay temor de que se revierta este incremento, por lo [&hellip;]<\/p>\n","protected":false},"author":2,"featured_media":368261,"comment_status":"closed","ping_status":"closed","sticky":false,"template":"","format":"standard","meta":{"footnotes":""},"categories":[9],"tags":[],"class_list":["post-368271","post","type-post","status-publish","format-standard","has-post-thumbnail","hentry","category-politica"],"_links":{"self":[{"href":"https:\/\/diarioavancetabasco.com\/index.php?rest_route=\/wp\/v2\/posts\/368271","targetHints":{"allow":["GET"]}}],"collection":[{"href":"https:\/\/diarioavancetabasco.com\/index.php?rest_route=\/wp\/v2\/posts"}],"about":[{"href":"https:\/\/diarioavancetabasco.com\/index.php?rest_route=\/wp\/v2\/types\/post"}],"author":[{"embeddable":true,"href":"https:\/\/diarioavancetabasco.com\/index.php?rest_route=\/wp\/v2\/users\/2"}],"replies":[{"embeddable":true,"href":"https:\/\/diarioavancetabasco.com\/index.php?rest_route=%2Fwp%2Fv2%2Fcomments&post=368271"}],"version-history":[{"count":2,"href":"https:\/\/diarioavancetabasco.com\/index.php?rest_route=\/wp\/v2\/posts\/368271\/revisions"}],"predecessor-version":[{"id":368320,"href":"https:\/\/diarioavancetabasco.com\/index.php?rest_route=\/wp\/v2\/posts\/368271\/revisions\/368320"}],"wp:featuredmedia":[{"embeddable":true,"href":"https:\/\/diarioavancetabasco.com\/index.php?rest_route=\/wp\/v2\/media\/368261"}],"wp:attachment":[{"href":"https:\/\/diarioavancetabasco.com\/index.php?rest_route=%2Fwp%2Fv2%2Fmedia&parent=368271"}],"wp:term":[{"taxonomy":"category","embeddable":true,"href":"https:\/\/diarioavancetabasco.com\/index.php?rest_route=%2Fwp%2Fv2%2Fcategories&post=368271"},{"taxonomy":"post_tag","embeddable":true,"href":"https:\/\/diarioavancetabasco.com\/index.php?rest_route=%2Fwp%2Fv2%2Ftags&post=368271"}],"curies":[{"name":"wp","href":"https:\/\/api.w.org\/{rel}","templated":true}]}}