{"id":368292,"date":"2019-01-03T00:15:56","date_gmt":"2019-01-03T06:15:56","guid":{"rendered":"http:\/\/diarioavancetabasco.com\/?p=368292"},"modified":"2019-01-03T00:15:57","modified_gmt":"2019-01-03T06:15:57","slug":"rommel-cerna-el-primero-al-banquillo","status":"publish","type":"post","link":"https:\/\/diarioavancetabasco.com\/?p=368292","title":{"rendered":"Rommel Cerna, el primero al banquillo"},"content":{"rendered":"<p><!--\np.p1 {margin: 0.0px 0.0px 0.0px 0.0px; line-height: 10.0px; font: 52.0px Whitman}\np.p2 {margin: 0.0px 0.0px 0.0px 0.0px; line-height: 10.0px; font: 10.0px Whitman}\nspan.s1 {letter-spacing: -0.1px}\n-->Felipa Nery<\/p>\n<p>Lo que dijo el d\u00eda de su toma de protesta, de que la reconciliaci\u00f3n que ha ofrecido, no significa impunidad, lo reiter\u00f3 ayer en Telerreportaje el gobernador Ad\u00e1n Augusto L\u00f3pez Hern\u00e1ndez, quien fue preciso en se\u00f1alar: \u201cNo habr\u00e1 intocables, ni impunidad para nadie\u201d, al ser cuestionado sobre los reclamos de diputados y la sociedad que exigen c\u00e1rcel para ex funcionarios que hayan mal administrado los recursos p\u00fablicos. Revel\u00f3 que conoce de irregularidades del ex secretario de salud, Rommel Cerna, de quien existe video en el que se le capt\u00f3 negociando una comisi\u00f3n con proveedores, para liquidarles los adeudos, por lo que ofreci\u00f3 dar seguimiento a este caso, dijo que no cometer\u00e1 los mismos errores de la administraci\u00f3n anterior, que acusaron sin tener pruebas, que primero investigar\u00e1n y posteriormente proceder\u00e1n, porque no existe pacto de inmunidad para nadie y anunci\u00f3 que revisar\u00e1n la posibilidad de que se le conceda prisi\u00f3n domiciliaria a Andr\u00e9s Granier por su edad, quien est\u00e1 en la c\u00e1rcel por asuntos del orden federal; tambi\u00e9n dijo que se investigar\u00e1n los asuntos de los vactor\u00a0 y las jardineras en Centro, cuando era presidente municipal Gerardo Gaudiano Rovirosa, quiz\u00e1 le falt\u00f3 decir que tambi\u00e9n se debe investigar el asunto de las luminarias a las que se destinaron 200 millones de pesos y que se mal colocaron de \u00faltima hora cuando conclu\u00eda la administraci\u00f3n que cerr\u00f3 Casilda Ruiz Agust\u00edn. En una amplia entrevista, Ad\u00e1n Augusto defendi\u00f3 cada uno de los nombramientos de su gabinete, incluso dijo que desde meses atr\u00e1s ya hab\u00eda ofrecido algunos cargos, pero despu\u00e9s tom\u00f3 la decisi\u00f3n de asignarlos a otras personas, para evitar conflictos, se refiri\u00f3 en especial al caso del secretario de Obras P\u00fablicas, a quien se cuestiona por no ser un constructor o un ingeniero, a lo que el gobernador respondi\u00f3 que la designaci\u00f3n de Luis Romeo Gurr\u00eda, de quien dijo es una persona honesta y con su designaci\u00f3n se evitar\u00e1 que un grupo de empresarios pudiera tener los beneficios de la obra p\u00fablica que adelant\u00f3 ser\u00e1 importante, porque habr\u00e1 rehabilitaci\u00f3n de carreteras y muchas acciones m\u00e1s que se emprender\u00e1n de inmediato en torno a la refiner\u00eda que construir\u00e1 en Para\u00edso el gobierno federal; tambi\u00e9n anunci\u00f3 que ya se ha iniciado el abasto de medicamentos e insumos m\u00e9dicos a los hospitales p\u00fablicos; Emmanuel Sibilla tambi\u00e9n le pregunt\u00f3 si vivir\u00e1 en la Quinta Grijalva, a lo que respondi\u00f3 que s\u00ed vivir\u00e1 ah\u00ed, pero despu\u00e9s de la rehabilitaci\u00f3n, pues dijo que se encuentra deshecha, pero adelant\u00f3 que \u00e9l pagar\u00e1 a la gente que est\u00e9 a su servicio; tambi\u00e9n dijo que no contar\u00e1 con camionetas blindadas, ni una exagerada seguridad personal, incluso coment\u00f3 que el pasado martes luego de reunirse con los polic\u00edas en la Secretar\u00eda de Seguridad y Protecci\u00f3n Ciudadana, acudi\u00f3 al mercado de la Sierra a comerse unos tacos y aprovech\u00f3 para saludar a muchas personas que se le acercaron,\u00a0 dijo que las puertas de palacio de gobierno ya no se mantendr\u00e1n cerradas, sino que ya ha dado instrucciones para que se mantengan abiertas.<\/p>\n","protected":false},"excerpt":{"rendered":"<p>Felipa Nery Lo que dijo el d\u00eda de su toma de protesta, de que la reconciliaci\u00f3n que ha ofrecido, no significa impunidad, lo reiter\u00f3 ayer en Telerreportaje el gobernador Ad\u00e1n Augusto L\u00f3pez Hern\u00e1ndez, quien fue preciso en se\u00f1alar: \u201cNo habr\u00e1 intocables, ni impunidad para nadie\u201d, al ser cuestionado sobre los reclamos de diputados y la [&hellip;]<\/p>\n","protected":false},"author":2,"featured_media":367968,"comment_status":"closed","ping_status":"closed","sticky":false,"template":"","format":"standard","meta":{"footnotes":""},"categories":[9],"tags":[],"class_list":["post-368292","post","type-post","status-publish","format-standard","has-post-thumbnail","hentry","category-politica"],"_links":{"self":[{"href":"https:\/\/diarioavancetabasco.com\/index.php?rest_route=\/wp\/v2\/posts\/368292","targetHints":{"allow":["GET"]}}],"collection":[{"href":"https:\/\/diarioavancetabasco.com\/index.php?rest_route=\/wp\/v2\/posts"}],"about":[{"href":"https:\/\/diarioavancetabasco.com\/index.php?rest_route=\/wp\/v2\/types\/post"}],"author":[{"embeddable":true,"href":"https:\/\/diarioavancetabasco.com\/index.php?rest_route=\/wp\/v2\/users\/2"}],"replies":[{"embeddable":true,"href":"https:\/\/diarioavancetabasco.com\/index.php?rest_route=%2Fwp%2Fv2%2Fcomments&post=368292"}],"version-history":[{"count":4,"href":"https:\/\/diarioavancetabasco.com\/index.php?rest_route=\/wp\/v2\/posts\/368292\/revisions"}],"predecessor-version":[{"id":368333,"href":"https:\/\/diarioavancetabasco.com\/index.php?rest_route=\/wp\/v2\/posts\/368292\/revisions\/368333"}],"wp:featuredmedia":[{"embeddable":true,"href":"https:\/\/diarioavancetabasco.com\/index.php?rest_route=\/wp\/v2\/media\/367968"}],"wp:attachment":[{"href":"https:\/\/diarioavancetabasco.com\/index.php?rest_route=%2Fwp%2Fv2%2Fmedia&parent=368292"}],"wp:term":[{"taxonomy":"category","embeddable":true,"href":"https:\/\/diarioavancetabasco.com\/index.php?rest_route=%2Fwp%2Fv2%2Fcategories&post=368292"},{"taxonomy":"post_tag","embeddable":true,"href":"https:\/\/diarioavancetabasco.com\/index.php?rest_route=%2Fwp%2Fv2%2Ftags&post=368292"}],"curies":[{"name":"wp","href":"https:\/\/api.w.org\/{rel}","templated":true}]}}