{"id":368299,"date":"2019-01-03T00:09:03","date_gmt":"2019-01-03T06:09:03","guid":{"rendered":"http:\/\/diarioavancetabasco.com\/?p=368299"},"modified":"2019-01-03T00:09:03","modified_gmt":"2019-01-03T06:09:03","slug":"borron-y-cuenta-nueva-en-febrero","status":"publish","type":"post","link":"https:\/\/diarioavancetabasco.com\/?p=368299","title":{"rendered":"Borr\u00f3n y cuenta  nueva en febrero"},"content":{"rendered":"<p><!--\np.p1 {margin: 0.0px 0.0px 0.0px 0.0px; text-align: justify; line-height: 10.0px; font: 52.0px Whitman}\np.p2 {margin: 0.0px 0.0px 0.0px 0.0px; text-align: justify; line-height: 10.0px; font: 10.0px Whitman}\np.p3 {margin: 0.0px 0.0px 0.0px 0.0px; text-align: justify; text-indent: 6.0px; line-height: 10.0px; font: 10.0px Whitman}\nspan.s1 {letter-spacing: -0.1px}\n-->Ser\u00e1 el pr\u00f3ximo mes cuando se haga el anuncio del borr\u00f3n y cuenta nueva as\u00ed como de la tarifa preferencial de energ\u00eda el\u00e9ctrica, inform\u00f3 el gobernador del Estado, Adan Augusto L\u00f3pez Hern\u00e1ndez.<\/p>\n<p>En ente se\u00f1al\u00f3 que se encuentran en etapa de revisi\u00f3n del convenio que se firmar\u00e1 con la Comisi\u00f3n Federal de Electricidad para posteriormente hacer el anuncio formal.<\/p>\n<p>En este contexto, adelant\u00f3 que ning\u00fan tabasque\u00f1o ser\u00e1 intimidado para firmar convenios, pero advirti\u00f3 que una vez que se logre el acuerdo, todos\u00a0 los usuarios de energ\u00eda el\u00e9ctrica tendr\u00e1n que pagar.<\/p>\n<p>\u201cEste v a ser un convenio del gobierno del estado con la Comisi\u00f3n Federal de Electricidad, ning\u00fan tabasque\u00f1o ser\u00e1 molestado\u00a0 para firmar convenio; pero eso s\u00ed, una vez que hayamos firmado\u00a0 el convenio, la gente tiene que empezar a pagar, el que no pague, ya ah\u00ed\u201d.<\/p>\n<p>Para no incurrir en errores que pudieran no hacer ver los beneficios del convenio, el mandatario dijo que se encuentran en etapa de revisi\u00f3n.<\/p>\n<p>En otro tema, el gobernador reiter\u00f3 que se est\u00e1 analizando si se echa atr\u00e1s\u00a0 el aumento a la tarifa de transporte p\u00fablico que ya entr\u00f3 en vigor.<\/p>\n<p>\u201cSe est\u00e1 analizado, ya lo vamos a revisar\u201d.<\/p>\n","protected":false},"excerpt":{"rendered":"<p>Ser\u00e1 el pr\u00f3ximo mes cuando se haga el anuncio del borr\u00f3n y cuenta nueva as\u00ed como de la tarifa preferencial de energ\u00eda el\u00e9ctrica, inform\u00f3 el gobernador del Estado, Adan Augusto L\u00f3pez Hern\u00e1ndez. En ente se\u00f1al\u00f3 que se encuentran en etapa de revisi\u00f3n del convenio que se firmar\u00e1 con la Comisi\u00f3n Federal de Electricidad para posteriormente [&hellip;]<\/p>\n","protected":false},"author":2,"featured_media":368295,"comment_status":"closed","ping_status":"closed","sticky":false,"template":"","format":"standard","meta":{"footnotes":""},"categories":[9],"tags":[],"class_list":["post-368299","post","type-post","status-publish","format-standard","has-post-thumbnail","hentry","category-politica"],"_links":{"self":[{"href":"https:\/\/diarioavancetabasco.com\/index.php?rest_route=\/wp\/v2\/posts\/368299","targetHints":{"allow":["GET"]}}],"collection":[{"href":"https:\/\/diarioavancetabasco.com\/index.php?rest_route=\/wp\/v2\/posts"}],"about":[{"href":"https:\/\/diarioavancetabasco.com\/index.php?rest_route=\/wp\/v2\/types\/post"}],"author":[{"embeddable":true,"href":"https:\/\/diarioavancetabasco.com\/index.php?rest_route=\/wp\/v2\/users\/2"}],"replies":[{"embeddable":true,"href":"https:\/\/diarioavancetabasco.com\/index.php?rest_route=%2Fwp%2Fv2%2Fcomments&post=368299"}],"version-history":[{"count":2,"href":"https:\/\/diarioavancetabasco.com\/index.php?rest_route=\/wp\/v2\/posts\/368299\/revisions"}],"predecessor-version":[{"id":368324,"href":"https:\/\/diarioavancetabasco.com\/index.php?rest_route=\/wp\/v2\/posts\/368299\/revisions\/368324"}],"wp:featuredmedia":[{"embeddable":true,"href":"https:\/\/diarioavancetabasco.com\/index.php?rest_route=\/wp\/v2\/media\/368295"}],"wp:attachment":[{"href":"https:\/\/diarioavancetabasco.com\/index.php?rest_route=%2Fwp%2Fv2%2Fmedia&parent=368299"}],"wp:term":[{"taxonomy":"category","embeddable":true,"href":"https:\/\/diarioavancetabasco.com\/index.php?rest_route=%2Fwp%2Fv2%2Fcategories&post=368299"},{"taxonomy":"post_tag","embeddable":true,"href":"https:\/\/diarioavancetabasco.com\/index.php?rest_route=%2Fwp%2Fv2%2Ftags&post=368299"}],"curies":[{"name":"wp","href":"https:\/\/api.w.org\/{rel}","templated":true}]}}