{"id":368336,"date":"2019-01-04T00:10:44","date_gmt":"2019-01-04T06:10:44","guid":{"rendered":"http:\/\/diarioavancetabasco.com\/?p=368336"},"modified":"2019-01-04T00:10:47","modified_gmt":"2019-01-04T06:10:47","slug":"se-ve-la-policia","status":"publish","type":"post","link":"https:\/\/diarioavancetabasco.com\/?p=368336","title":{"rendered":"Se ve la polic\u00eda"},"content":{"rendered":"<p><!--\np.p1 {margin: 0.0px 0.0px 0.0px 0.0px; line-height: 10.0px; font: 52.0px Whitman}\np.p2 {margin: 0.0px 0.0px 0.0px 0.0px; line-height: 10.0px; font: 10.0px Whitman}\nspan.s1 {letter-spacing: -0.1px}\n-->Felipa Nery<\/p>\n<p>Ayer salimos a un recorrido por algunas carreteras de la entidad y vimos la actuaci\u00f3n de la polic\u00eda en varios retenes; adem\u00e1s, el \u00e1rea responsable de la informaci\u00f3n gubernamental, dio a conocer que los elementos de la Secretar\u00eda de Seguridad y Protecci\u00f3n Ciudadana recuperaron en las \u00faltimas 24 horas, cuatro veh\u00edculos en distintos puntos, dos de ellos contaban con reporte de robo y dos m\u00e1s hab\u00edan sido arrebatados con violencia a sus leg\u00edtimas due\u00f1as. Y entonces podr\u00edamos preguntarnos, \u00bfPero c\u00f3mo es que el mismo secretario de Seguridad y con el mismo personal, ahora est\u00e1n dando resultados?. Sin duda, que la respuesta est\u00e1 en quien hoy est\u00e1 al frente del Ejecutivo Estatal, es un hombre que tiene 55 a\u00f1os de edad, adem\u00e1s diariamente corre 10 kil\u00f3metros &#8211;bueno corr\u00eda, ya no sabemos si lo sigue haciendo ahora como gobernador&#8211;, es decir, tiene condici\u00f3n f\u00edsica, lo que demuestra la realidad de la frase aquella que dice,\u201dNo es lo mismo los tres mosqueteros, que 20 a\u00f1os despu\u00e9s\u201d. Es decir, que la mejor edad para que un hombre sea gobernante es cuando est\u00e1 en la plenitud de su vida, para que est\u00e9 en condiciones de hacerse cargo de todo lo que le corresponde en una administraci\u00f3n gubernamental. El primer d\u00eda de su gobierno, el 1 de enero, acudi\u00f3 a las siete de la ma\u00f1ana al cuartel de la Polic\u00eda, al pase de lista, pero no s\u00f3lo para pasarle lista a los polic\u00edas, sino para ponerse a sus \u00f3rdenes y pedirles todo su apoyo, para trabajar por la seguridad de los tabasque\u00f1os. Ad\u00e1n Augusto no s\u00f3lo quiere dar instrucciones de las cosas que quiere que se hagan para dar resultados, sino que \u00e9l de manera personal acude con los responsables de las \u00e1reas para hacerlos part\u00edcipes del compromiso com\u00fan con el pueblo; lo mismo hizo ayer, al acudir al hospital Juan Graham Casas\u00fas, adonde llev\u00f3 los medicamentos e insumos que la administraci\u00f3n anterior dej\u00f3 de suministrar a los hospitales, por lo que no s\u00f3lo se puso en riesgo la vida de muchos tabasque\u00f1os que tienen la necesidad de la seguridad social p\u00fablica, sino que algunas personas fallecieron por la falta de la atenci\u00f3n necesaria; tambi\u00e9n acudi\u00f3 al Centro Administrativo de Tabasco 2000, para conocer de cerca c\u00f3mo se est\u00e1 dando el proceso de entrega-recepci\u00f3n del gobierno saliente, conocer las condiciones en las que se est\u00e1n recibiendo no s\u00f3lo los inmuebles, sino tambi\u00e9n los bienes muebles y los compromisos que tiene el gobierno, pero sobre todo, para escuchar a los trabajadores y a todas las personas que se le acerquen, porque Ad\u00e1n Augusto no anda rodeado de un s\u00e9quito de guaruras, ni de polic\u00edas, ni de un ej\u00e9rcito para que lo cuide por todos lados a donde va; a diferencia de su antecesor que evitaba el contacto con el pueblo, Ad\u00e1n Augusto convive con la gente, porque es un tabasque\u00f1o que siempre ha vivido aqu\u00ed, que desde hace a\u00f1os anhelaba ser gobernador de Tabasco y hoy que lo ha logrado, desde los primeros d\u00edas de su administraci\u00f3n, demuestra para qu\u00e9 quer\u00eda ser gobernador, para servir.<\/p>\n","protected":false},"excerpt":{"rendered":"<p>Felipa Nery Ayer salimos a un recorrido por algunas carreteras de la entidad y vimos la actuaci\u00f3n de la polic\u00eda en varios retenes; adem\u00e1s, el \u00e1rea responsable de la informaci\u00f3n gubernamental, dio a conocer que los elementos de la Secretar\u00eda de Seguridad y Protecci\u00f3n Ciudadana recuperaron en las \u00faltimas 24 horas, cuatro veh\u00edculos en distintos [&hellip;]<\/p>\n","protected":false},"author":2,"featured_media":368337,"comment_status":"closed","ping_status":"closed","sticky":false,"template":"","format":"standard","meta":{"footnotes":""},"categories":[9],"tags":[],"class_list":["post-368336","post","type-post","status-publish","format-standard","has-post-thumbnail","hentry","category-politica"],"_links":{"self":[{"href":"https:\/\/diarioavancetabasco.com\/index.php?rest_route=\/wp\/v2\/posts\/368336","targetHints":{"allow":["GET"]}}],"collection":[{"href":"https:\/\/diarioavancetabasco.com\/index.php?rest_route=\/wp\/v2\/posts"}],"about":[{"href":"https:\/\/diarioavancetabasco.com\/index.php?rest_route=\/wp\/v2\/types\/post"}],"author":[{"embeddable":true,"href":"https:\/\/diarioavancetabasco.com\/index.php?rest_route=\/wp\/v2\/users\/2"}],"replies":[{"embeddable":true,"href":"https:\/\/diarioavancetabasco.com\/index.php?rest_route=%2Fwp%2Fv2%2Fcomments&post=368336"}],"version-history":[{"count":2,"href":"https:\/\/diarioavancetabasco.com\/index.php?rest_route=\/wp\/v2\/posts\/368336\/revisions"}],"predecessor-version":[{"id":368402,"href":"https:\/\/diarioavancetabasco.com\/index.php?rest_route=\/wp\/v2\/posts\/368336\/revisions\/368402"}],"wp:featuredmedia":[{"embeddable":true,"href":"https:\/\/diarioavancetabasco.com\/index.php?rest_route=\/wp\/v2\/media\/368337"}],"wp:attachment":[{"href":"https:\/\/diarioavancetabasco.com\/index.php?rest_route=%2Fwp%2Fv2%2Fmedia&parent=368336"}],"wp:term":[{"taxonomy":"category","embeddable":true,"href":"https:\/\/diarioavancetabasco.com\/index.php?rest_route=%2Fwp%2Fv2%2Fcategories&post=368336"},{"taxonomy":"post_tag","embeddable":true,"href":"https:\/\/diarioavancetabasco.com\/index.php?rest_route=%2Fwp%2Fv2%2Ftags&post=368336"}],"curies":[{"name":"wp","href":"https:\/\/api.w.org\/{rel}","templated":true}]}}