{"id":368369,"date":"2019-01-04T00:54:15","date_gmt":"2019-01-04T06:54:15","guid":{"rendered":"http:\/\/diarioavancetabasco.com\/?p=368369"},"modified":"2019-01-04T00:54:17","modified_gmt":"2019-01-04T06:54:17","slug":"inician-el-2019-con-la-carencia-de-agua-potable","status":"publish","type":"post","link":"https:\/\/diarioavancetabasco.com\/?p=368369","title":{"rendered":"Inician el 2019 con la carencia de agua potable"},"content":{"rendered":"<p><!--\np.p1 {margin: 0.0px 0.0px 0.0px 0.0px; text-align: justify; line-height: 10.0px; font: 52.0px Whitman}\np.p2 {margin: 0.0px 0.0px 0.0px 0.0px; text-align: justify; line-height: 10.0px; font: 10.0px Whitman}\np.p3 {margin: 0.0px 0.0px 0.0px 0.0px; text-align: justify; text-indent: 6.0px; line-height: 10.0px; font: 10.0px Whitman}\np.p4 {margin: 0.0px 0.0px 0.0px 0.0px; text-align: justify; text-indent: 6.0px; line-height: 10.0px; font: 10.0px Whitman; min-height: 12.0px}\np.p5 {margin: 0.0px 0.0px 0.0px 0.0px; line-height: 10.0px; font: 11.0px Amplitude}\nspan.s1 {letter-spacing: -0.4px}\n-->PARA\u00cdSO, TAB.- Al iniciar este a\u00f1o del 2019, habitantes de diversas comunidades de este municipio seguir\u00e1n sufriendo con la carencia de agua entubada, aunque el gobernador Ad\u00e1n Augusto L\u00f3pez Hern\u00e1ndez dijo que se tiene contemplado ampliar la captaci\u00f3n en la Chontalpa, esperemos que no s\u00f3lo sea una de las muchas promesas que hemos escuchado de otros gobiernos.<\/p>\n<p>A pesar que hay una interconexi\u00f3n con la planta \u201cEl Mango\u201d del municipio de Nacajuca, el vital l\u00edquido s\u00f3lo llega a cuentas gotas a la cabecera municipal, por ello hacemos el llamado a que se nos tome en cuenta ya que este municipio en los pr\u00f3ximos meses tendr\u00e1 m\u00e1s visitantes con la construcci\u00f3n de la refiner\u00eda.<\/p>\n<p>El servicio llega de 5 a 10 de la ma\u00f1ana en las tardes de 6 a 9 de la noche, en ocasiones el agua llega sucia, se cuenta con la cobertura de tomas de agua pero no hay agua,\u00a0 a aunado a esto, se carece de la cultura del pago por el servicio de agua, tanto en la cabecera municipal como en las comunidades donde existen comit\u00e9s del agua, mismo que servir\u00eda para ser autosuficiente para la reparaci\u00f3n de alguna falla en dado caso.<\/p>\n<p>Otros de los aspectos que se vive en para\u00edso, cuando el servicio del agua es\u00a0 bueno, tiene buena presi\u00f3n, hay personas que\u00a0 no alcanza a entender lo dif\u00edcil que es llevar agua entubada a los domicilios, ya que es en ocasiones se pueden\u00a0 observar a amas de casas lavando las banquetas con la presi\u00f3n del agua o lavando el coche, mientas se desperdicia el agua.<\/p>\n<p>&nbsp;<\/p>\n<p><b>FALTA MANTENIMIENTO<\/b><\/p>\n<p>En las comunidades el servicio es tambi\u00e9n p\u00e9simo, debido a que continuamente los pozos con que cuenta la Comisi\u00f3n Estatal de Agua y Saneamiento de Tabasco (CEAS) se descomponen ante la falta de mantenimiento, por lo los ciudadanos tienen que ingeni\u00e1rselas para poder tener agua, aunque sea para los usos necesarios, como para lavar ropa, ba\u00f1arse, ya que para el consumo humano compran de garraf\u00f3n otros m\u00e1s ha optado la colocaci\u00f3n de bombas de jarras, ya que son pocos los pozos artesianos que se encuentran en las comunidades.<\/p>\n","protected":false},"excerpt":{"rendered":"<p>PARA\u00cdSO, TAB.- Al iniciar este a\u00f1o del 2019, habitantes de diversas comunidades de este municipio seguir\u00e1n sufriendo con la carencia de agua entubada, aunque el gobernador Ad\u00e1n Augusto L\u00f3pez Hern\u00e1ndez dijo que se tiene contemplado ampliar la captaci\u00f3n en la Chontalpa, esperemos que no s\u00f3lo sea una de las muchas promesas que hemos escuchado de [&hellip;]<\/p>\n","protected":false},"author":2,"featured_media":368345,"comment_status":"closed","ping_status":"closed","sticky":false,"template":"","format":"standard","meta":{"footnotes":""},"categories":[12],"tags":[],"class_list":["post-368369","post","type-post","status-publish","format-standard","has-post-thumbnail","hentry","category-municipios"],"_links":{"self":[{"href":"https:\/\/diarioavancetabasco.com\/index.php?rest_route=\/wp\/v2\/posts\/368369","targetHints":{"allow":["GET"]}}],"collection":[{"href":"https:\/\/diarioavancetabasco.com\/index.php?rest_route=\/wp\/v2\/posts"}],"about":[{"href":"https:\/\/diarioavancetabasco.com\/index.php?rest_route=\/wp\/v2\/types\/post"}],"author":[{"embeddable":true,"href":"https:\/\/diarioavancetabasco.com\/index.php?rest_route=\/wp\/v2\/users\/2"}],"replies":[{"embeddable":true,"href":"https:\/\/diarioavancetabasco.com\/index.php?rest_route=%2Fwp%2Fv2%2Fcomments&post=368369"}],"version-history":[{"count":2,"href":"https:\/\/diarioavancetabasco.com\/index.php?rest_route=\/wp\/v2\/posts\/368369\/revisions"}],"predecessor-version":[{"id":368415,"href":"https:\/\/diarioavancetabasco.com\/index.php?rest_route=\/wp\/v2\/posts\/368369\/revisions\/368415"}],"wp:featuredmedia":[{"embeddable":true,"href":"https:\/\/diarioavancetabasco.com\/index.php?rest_route=\/wp\/v2\/media\/368345"}],"wp:attachment":[{"href":"https:\/\/diarioavancetabasco.com\/index.php?rest_route=%2Fwp%2Fv2%2Fmedia&parent=368369"}],"wp:term":[{"taxonomy":"category","embeddable":true,"href":"https:\/\/diarioavancetabasco.com\/index.php?rest_route=%2Fwp%2Fv2%2Fcategories&post=368369"},{"taxonomy":"post_tag","embeddable":true,"href":"https:\/\/diarioavancetabasco.com\/index.php?rest_route=%2Fwp%2Fv2%2Ftags&post=368369"}],"curies":[{"name":"wp","href":"https:\/\/api.w.org\/{rel}","templated":true}]}}