{"id":368386,"date":"2019-01-04T00:35:17","date_gmt":"2019-01-04T06:35:17","guid":{"rendered":"http:\/\/diarioavancetabasco.com\/?p=368386"},"modified":"2019-01-04T00:35:18","modified_gmt":"2019-01-04T06:35:18","slug":"se-respetara-la-relacion-laboral-con-burocratas","status":"publish","type":"post","link":"https:\/\/diarioavancetabasco.com\/?p=368386","title":{"rendered":"\u201cSe respetar\u00e1 la relaci\u00f3n laboral con bur\u00f3cratas\u201d"},"content":{"rendered":"<p><!--\np.p1 {margin: 0.0px 0.0px 0.0px 0.0px; text-align: justify; line-height: 10.0px; font: 10.0px Whitman}\np.p2 {margin: 0.0px 0.0px 0.0px 0.0px; text-align: justify; text-indent: 6.0px; line-height: 10.0px; font: 10.0px Whitman}\n-->En entrevista el gobernador de Estado, Adan Augusto L\u00f3pez Hern\u00e1ndez, asegur\u00f3 que se va a respetar la relaci\u00f3n laboral\u00a0 de los trabajadores de la administraci\u00f3n estatal, lo anterior\u00a0 luego de las inconformidades por bur\u00f3cratas que les notificaron que sus contratos concluyeron.<\/p>\n<p>Al arribar al hospital Juan Graham, Lopes Hern\u00e1ndez, coment\u00f3 que este jueves y\u00a0 viernes se estar\u00eda regularizando la situaci\u00f3n de los trabajadores, afirmando que deber\u00e1n entender que en todas las dependencias\u00a0 se lleva a cabo el proceso de entrega-recepci\u00f3n.<\/p>\n<p>\u201cLo que se debe revisar es que los que tengan una antig\u00fcedad comprobable se les va\u00a0 a respetar su derecho. Generalmente abusan no ellos, los titulares y aprovechan los cargos de confianza para meter aviadores y gente que en realidad no llega a cubrir, eso no se da de jefaturas de \u00e1rea hacia abajo pero si se da en jefaturas de departamento, hay que tener un poquito de paciencia, ya se va a regularizar\u201d.<\/p>\n<p>De igual modo, dej\u00f3 claro que en el caso de los cargos directores, subdirectores y jefaturas de \u00e1rea se estar\u00e1n revisando minuciosamente.<\/p>\n<p>En el caso de la inconformidad de los trabajadores del Seguro Popular, el ejecutivo refiri\u00f3 que los contratos concluyen y deber\u00e1n entenderlo, \u201cEs que se termina el contrato, si no hay donde presupuesto tendr\u00e1n que darse por terminados los contratos\u201d.<\/p>\n","protected":false},"excerpt":{"rendered":"<p>En entrevista el gobernador de Estado, Adan Augusto L\u00f3pez Hern\u00e1ndez, asegur\u00f3 que se va a respetar la relaci\u00f3n laboral\u00a0 de los trabajadores de la administraci\u00f3n estatal, lo anterior\u00a0 luego de las inconformidades por bur\u00f3cratas que les notificaron que sus contratos concluyeron. Al arribar al hospital Juan Graham, Lopes Hern\u00e1ndez, coment\u00f3 que este jueves y\u00a0 viernes [&hellip;]<\/p>\n","protected":false},"author":2,"featured_media":368352,"comment_status":"closed","ping_status":"closed","sticky":false,"template":"","format":"standard","meta":{"footnotes":""},"categories":[9],"tags":[],"class_list":["post-368386","post","type-post","status-publish","format-standard","has-post-thumbnail","hentry","category-politica"],"_links":{"self":[{"href":"https:\/\/diarioavancetabasco.com\/index.php?rest_route=\/wp\/v2\/posts\/368386","targetHints":{"allow":["GET"]}}],"collection":[{"href":"https:\/\/diarioavancetabasco.com\/index.php?rest_route=\/wp\/v2\/posts"}],"about":[{"href":"https:\/\/diarioavancetabasco.com\/index.php?rest_route=\/wp\/v2\/types\/post"}],"author":[{"embeddable":true,"href":"https:\/\/diarioavancetabasco.com\/index.php?rest_route=\/wp\/v2\/users\/2"}],"replies":[{"embeddable":true,"href":"https:\/\/diarioavancetabasco.com\/index.php?rest_route=%2Fwp%2Fv2%2Fcomments&post=368386"}],"version-history":[{"count":2,"href":"https:\/\/diarioavancetabasco.com\/index.php?rest_route=\/wp\/v2\/posts\/368386\/revisions"}],"predecessor-version":[{"id":368403,"href":"https:\/\/diarioavancetabasco.com\/index.php?rest_route=\/wp\/v2\/posts\/368386\/revisions\/368403"}],"wp:featuredmedia":[{"embeddable":true,"href":"https:\/\/diarioavancetabasco.com\/index.php?rest_route=\/wp\/v2\/media\/368352"}],"wp:attachment":[{"href":"https:\/\/diarioavancetabasco.com\/index.php?rest_route=%2Fwp%2Fv2%2Fmedia&parent=368386"}],"wp:term":[{"taxonomy":"category","embeddable":true,"href":"https:\/\/diarioavancetabasco.com\/index.php?rest_route=%2Fwp%2Fv2%2Fcategories&post=368386"},{"taxonomy":"post_tag","embeddable":true,"href":"https:\/\/diarioavancetabasco.com\/index.php?rest_route=%2Fwp%2Fv2%2Ftags&post=368386"}],"curies":[{"name":"wp","href":"https:\/\/api.w.org\/{rel}","templated":true}]}}