{"id":368396,"date":"2019-01-04T00:39:23","date_gmt":"2019-01-04T06:39:23","guid":{"rendered":"http:\/\/diarioavancetabasco.com\/?p=368396"},"modified":"2019-01-04T00:39:24","modified_gmt":"2019-01-04T06:39:24","slug":"adan-arranca-con-hechos","status":"publish","type":"post","link":"https:\/\/diarioavancetabasco.com\/?p=368396","title":{"rendered":"Ad\u00e1n arranca con hechos"},"content":{"rendered":"<p><!--\np.p1 {margin: 0.0px 0.0px 0.0px 0.0px; text-align: justify; line-height: 10.0px; font: 52.0px Whitman}\np.p2 {margin: 0.0px 0.0px 0.0px 0.0px; text-align: justify; line-height: 10.0px; font: 10.0px Whitman}\np.p3 {margin: 0.0px 0.0px 0.0px 0.0px; text-align: justify; text-indent: 6.0px; line-height: 10.0px; font: 10.0px Whitman}\nspan.s1 {letter-spacing: -0.2px}\nspan.s2 {letter-spacing: -0.1px}\n-->Luis Garc\u00eda<\/p>\n<p>Desde el primer d\u00eda de su mandato como Gobernador Constitucional del Estado de Tabasco, Ad\u00e1n Augusto L\u00f3pez Hern\u00e1ndez, comenz\u00f3 a dar se\u00f1ales de tener un compromiso con el pueblo de Tabasco. Primero porque a muy temprana hora del primero de enero asisti\u00f3 a las instalaciones de la Secretar\u00eda de Seguridad P\u00fablica para presidir el pase de lista de los cuerpos policiacos, lo que mostr\u00f3 la urgencia para acabar con la inseguridad en la entidad, una entidad que ha sido seriamente golpeada por ese flagelo llamado delincuencia y que durante todo el sexenio anterior nada se hizo, pues nunca dieron con la ra\u00edz de la situaci\u00f3n al existir m\u00e1s de cuatro cambios en la titularidad del ramo. Seguido de ello le tom\u00f3 protesta a su gabinete, encabezado por el secretario de Gobierno, Marcos Rosendo Medina Filigrana. Inmediatamente en claro reconocimiento a la impartici\u00f3n de justicia, asisti\u00f3 a la toma de protesta del magistrado Presidente del Tribunal Superior de Justicia y del Consejo de la Judicatura, licenciado Enrique Priego Oropeza. El mi\u00e9rcoles en un evento que tuvo que ver con caminos, pero tambi\u00e9n con la seguridad de los transe\u00fantes y transportistas, el mandatario puso en marcha el desmonte y limpieza del dren de la v\u00eda corta Cunduac\u00e1n-Comalcalco, misma que a partir de abril iniciar\u00e1 la modernizaci\u00f3n y ampliaci\u00f3n de ese v\u00eda con una inversi\u00f3n inicial de 226 millones de pesos. Por cierto la ampliaci\u00f3n y mejoramiento de esa carretera es una demanda sentida de quienes tienen que transitar por esa zona que conecta toda la Chontalpa chica. Por ello es importante retomar una parte de su mensaje al tomar protesta de su encargo, donde deja en claro su compromiso de garantizar la seguridad en la persona y bienes de los tabasque\u00f1os, impulsar la educaci\u00f3n, implementar programas que contribuyan a mejorar las condiciones de vida en las comunidades m\u00e1s marginadas, as\u00ed como rescatar el sector salud de la crisis en la que se encuentra. Precisa contundentemente, \u201cnunca m\u00e1s un hospital sin m\u00e9dicos, ni medicinas. Nunca m\u00e1s un paciente sin un trato digno. Juntos, con firmeza y reconciliaci\u00f3n, lo podemos lograr. Y de inmediato env\u00edo el mensaje de solidaridad a los m\u00e9dico, sindicatos, empleados, enfermeras y trabajadores sociales. \u201cVamos juntos a enderezar la nave, a sanar la gangrena en que se ha convertido el sector salud en nuestro Estado\u201d. Y esto viene a menci\u00f3n porque justamente ayer asisti\u00f3 al hospital \u201cJuan Graham Casasus\u201d para hacer entrega de medicamentos, los primeros de muchos que se har\u00e1n llegar en todos los nosocomios de la entidad. La comunidad m\u00e9dica, enfermeras, pero principalmente los derechohabientes, mostraron su alegr\u00eda por el inicio de los apoyos a ese sector tan desvalido. La c\u00e1rcel al ex titular de ese ramo es cosa que en su momento se retomar\u00e1.<\/p>\n<p>AL CIERRE.- Se estreno ante los medios como nuevo director del hospital Juan Graham, el galeno V\u00edctor Manuel Narvaez Osorio, especialista con probada reputaci\u00f3n\u2026 Mandamos nuestras condolencias para los familiares del periodista Jorge de Jes\u00fas de la Cruz, quien falleciera el pasado mi\u00e9rcoles de forma repentina. Jorge de Jes\u00fas es egresado de la carrera de Educaci\u00f3n de la Universidad Ju\u00e1rez Aut\u00f3noma de Tabasco y amigo de muchos de los que nos dedicamos a este oficio. Descanse en paz\u2026Nos leemos el lunes\u2026<\/p>\n","protected":false},"excerpt":{"rendered":"<p>Luis Garc\u00eda Desde el primer d\u00eda de su mandato como Gobernador Constitucional del Estado de Tabasco, Ad\u00e1n Augusto L\u00f3pez Hern\u00e1ndez, comenz\u00f3 a dar se\u00f1ales de tener un compromiso con el pueblo de Tabasco. Primero porque a muy temprana hora del primero de enero asisti\u00f3 a las instalaciones de la Secretar\u00eda de Seguridad P\u00fablica para presidir [&hellip;]<\/p>\n","protected":false},"author":2,"featured_media":368337,"comment_status":"closed","ping_status":"closed","sticky":false,"template":"","format":"standard","meta":{"footnotes":""},"categories":[49],"tags":[],"class_list":["post-368396","post","type-post","status-publish","format-standard","has-post-thumbnail","hentry","category-palabra-publica-editorial"],"_links":{"self":[{"href":"https:\/\/diarioavancetabasco.com\/index.php?rest_route=\/wp\/v2\/posts\/368396","targetHints":{"allow":["GET"]}}],"collection":[{"href":"https:\/\/diarioavancetabasco.com\/index.php?rest_route=\/wp\/v2\/posts"}],"about":[{"href":"https:\/\/diarioavancetabasco.com\/index.php?rest_route=\/wp\/v2\/types\/post"}],"author":[{"embeddable":true,"href":"https:\/\/diarioavancetabasco.com\/index.php?rest_route=\/wp\/v2\/users\/2"}],"replies":[{"embeddable":true,"href":"https:\/\/diarioavancetabasco.com\/index.php?rest_route=%2Fwp%2Fv2%2Fcomments&post=368396"}],"version-history":[{"count":2,"href":"https:\/\/diarioavancetabasco.com\/index.php?rest_route=\/wp\/v2\/posts\/368396\/revisions"}],"predecessor-version":[{"id":368408,"href":"https:\/\/diarioavancetabasco.com\/index.php?rest_route=\/wp\/v2\/posts\/368396\/revisions\/368408"}],"wp:featuredmedia":[{"embeddable":true,"href":"https:\/\/diarioavancetabasco.com\/index.php?rest_route=\/wp\/v2\/media\/368337"}],"wp:attachment":[{"href":"https:\/\/diarioavancetabasco.com\/index.php?rest_route=%2Fwp%2Fv2%2Fmedia&parent=368396"}],"wp:term":[{"taxonomy":"category","embeddable":true,"href":"https:\/\/diarioavancetabasco.com\/index.php?rest_route=%2Fwp%2Fv2%2Fcategories&post=368396"},{"taxonomy":"post_tag","embeddable":true,"href":"https:\/\/diarioavancetabasco.com\/index.php?rest_route=%2Fwp%2Fv2%2Ftags&post=368396"}],"curies":[{"name":"wp","href":"https:\/\/api.w.org\/{rel}","templated":true}]}}