{"id":368523,"date":"2019-01-07T00:36:26","date_gmt":"2019-01-07T06:36:26","guid":{"rendered":"http:\/\/diarioavancetabasco.com\/?p=368523"},"modified":"2019-01-07T00:36:27","modified_gmt":"2019-01-07T06:36:27","slug":"llama-la-iglesia-a-mantener-la-unidad","status":"publish","type":"post","link":"https:\/\/diarioavancetabasco.com\/?p=368523","title":{"rendered":"Llama la Iglesia a mantener la unidad"},"content":{"rendered":"<p><!--\np.p1 {margin: 0.0px 0.0px 0.0px 0.0px; text-align: justify; line-height: 10.0px; font: 52.0px Whitman}\np.p2 {margin: 0.0px 0.0px 0.0px 0.0px; text-align: justify; line-height: 10.0px; font: 10.0px Whitman}\np.p3 {margin: 0.0px 0.0px 0.0px 0.0px; text-align: justify; text-indent: 6.0px; line-height: 10.0px; font: 10.0px Whitman}\nspan.s1 {letter-spacing: -0.2px}\n-->La Arquidi\u00f3cesis de M\u00e9xico llam\u00f3 a la poblaci\u00f3n a mantener la unidad, a ser art\u00edfices del cambio a partir de uno mismo y de esa manera colaborar con las autoridades.<\/p>\n<p>A trav\u00e9s del editorial \u201cUnidad para vencer al enemigo\u201d, publicado en el semanario religioso \u201cDesde la fe\u201d, se invit\u00f3 a los mexicanos \u201ca convertirse en espacios de unidad que permita encontrar soluciones a cualquier situaci\u00f3n que impida avanzar en la construcci\u00f3n de un pa\u00eds m\u00e1s humano y fraterno\u201d.<\/p>\n<p>El texto retom\u00f3 el mensaje de Rogelio Cabrera L\u00f3pez, presidente de la Conferencia del Episcopado Mexicano, el cual argumenta que cada persona debe dar lo mejor de s\u00ed mismo para poder exigir a otros que tambi\u00e9n lo hagan. \u201cEs verdad que no todos responder\u00e1n de la misma forma, pero eso no debe ser motivo para que desfallezcamos\u201d, dijo el tambi\u00e9n arzobispo de Monterrey.<\/p>\n<p>La Arquidi\u00f3cesis encabezada por el cardenal Carlos Aguiar Retes asegur\u00f3 que los mexicanos deben tomar en serio el mensaje del Papa Francisco de fortalecer la unidad para alcanzar la paz.<\/p>\n<p>\u201cEsta es una de las grandes apuestas del Papa quien a lo largo de m\u00e1s de cinco a\u00f1os de pontificado no ha tenido empacho en convocar a los m\u00e1s variados sectores de la sociedad para dialogar, algo que, incluso, le ha tra\u00eddo duras cr\u00edticas por parte de algunos sectores ultraconservadores\u201d.<\/p>\n<p>El art\u00edculo enfatiz\u00f3 en que para el pont\u00edfice es claro que sin unidad en los pueblos, culturas y personas es imposible llegar a la paz mundial pero para lograrlo se debe trabajar desde casa, en la familia y comunidad.<\/p>\n<p>\u201cS\u00f3lo de esta manera, la familia cat\u00f3lica puede ser sal y luz para los otros, principalmente en una sociedad sedienta de aut\u00e9nticos valores que logren frenar las divisiones, una sociedad cansada de respirar el tufo de los conflictos, una sociedad deseosa de sanar las fracturas para comenzar de nuevo\u201d.<\/p>\n<p>La Iglesia cat\u00f3lica concluy\u00f3 que cada ciudadano es clave para aportar en la reconstrucci\u00f3n del pa\u00eds.<\/p>\n","protected":false},"excerpt":{"rendered":"<p>La Arquidi\u00f3cesis de M\u00e9xico llam\u00f3 a la poblaci\u00f3n a mantener la unidad, a ser art\u00edfices del cambio a partir de uno mismo y de esa manera colaborar con las autoridades. A trav\u00e9s del editorial \u201cUnidad para vencer al enemigo\u201d, publicado en el semanario religioso \u201cDesde la fe\u201d, se invit\u00f3 a los mexicanos \u201ca convertirse en [&hellip;]<\/p>\n","protected":false},"author":2,"featured_media":368516,"comment_status":"closed","ping_status":"closed","sticky":false,"template":"","format":"standard","meta":{"footnotes":""},"categories":[3],"tags":[],"class_list":["post-368523","post","type-post","status-publish","format-standard","has-post-thumbnail","hentry","category-nacional"],"_links":{"self":[{"href":"https:\/\/diarioavancetabasco.com\/index.php?rest_route=\/wp\/v2\/posts\/368523","targetHints":{"allow":["GET"]}}],"collection":[{"href":"https:\/\/diarioavancetabasco.com\/index.php?rest_route=\/wp\/v2\/posts"}],"about":[{"href":"https:\/\/diarioavancetabasco.com\/index.php?rest_route=\/wp\/v2\/types\/post"}],"author":[{"embeddable":true,"href":"https:\/\/diarioavancetabasco.com\/index.php?rest_route=\/wp\/v2\/users\/2"}],"replies":[{"embeddable":true,"href":"https:\/\/diarioavancetabasco.com\/index.php?rest_route=%2Fwp%2Fv2%2Fcomments&post=368523"}],"version-history":[{"count":2,"href":"https:\/\/diarioavancetabasco.com\/index.php?rest_route=\/wp\/v2\/posts\/368523\/revisions"}],"predecessor-version":[{"id":368573,"href":"https:\/\/diarioavancetabasco.com\/index.php?rest_route=\/wp\/v2\/posts\/368523\/revisions\/368573"}],"wp:featuredmedia":[{"embeddable":true,"href":"https:\/\/diarioavancetabasco.com\/index.php?rest_route=\/wp\/v2\/media\/368516"}],"wp:attachment":[{"href":"https:\/\/diarioavancetabasco.com\/index.php?rest_route=%2Fwp%2Fv2%2Fmedia&parent=368523"}],"wp:term":[{"taxonomy":"category","embeddable":true,"href":"https:\/\/diarioavancetabasco.com\/index.php?rest_route=%2Fwp%2Fv2%2Fcategories&post=368523"},{"taxonomy":"post_tag","embeddable":true,"href":"https:\/\/diarioavancetabasco.com\/index.php?rest_route=%2Fwp%2Fv2%2Ftags&post=368523"}],"curies":[{"name":"wp","href":"https:\/\/api.w.org\/{rel}","templated":true}]}}