{"id":368525,"date":"2019-01-07T00:37:05","date_gmt":"2019-01-07T06:37:05","guid":{"rendered":"http:\/\/diarioavancetabasco.com\/?p=368525"},"modified":"2019-01-07T00:37:06","modified_gmt":"2019-01-07T06:37:06","slug":"inaugurara-ebrard-reunion-con-embajadores-y-consules","status":"publish","type":"post","link":"https:\/\/diarioavancetabasco.com\/?p=368525","title":{"rendered":"Inaugurar\u00e1 Ebrard reuni\u00f3n  con embajadores y c\u00f3nsules"},"content":{"rendered":"<p><!--\np.p1 {margin: 0.0px 0.0px 0.0px 0.0px; text-align: justify; line-height: 10.0px; font: 10.0px Whitman}\np.p2 {margin: 0.0px 0.0px 0.0px 0.0px; text-align: justify; text-indent: 6.0px; line-height: 10.0px; font: 10.0px Whitman}\n-->Este lunes arranca la XXX Reuni\u00f3n de Embajadores y C\u00f3nsules, cuya inauguraci\u00f3n estar\u00e1 a cargo del canciller mexicano, Marcelo Ebrard Casaubon.<\/p>\n<p>El pr\u00f3ximo mi\u00e9rcoles los representantes de nuestro pa\u00eds ante el mundo se encontrar\u00e1n con el presidente Andr\u00e9s Manuel L\u00f3pez Obrador quien expondr\u00e1 las prioridades de pol\u00edtica exterior de M\u00e9xico.<\/p>\n<p>De acuerdo con la Secretar\u00eda de Relaciones Exteriores (SRE), durante estos cinco d\u00edas los 105 titulares que actualmente encabezan las embajadas, consulados y misiones de M\u00e9xico en el exterior, se reunir\u00edan para dialogar, coordinar y analizar el entorno internacional en el que se inserta nuestro pa\u00eds.<\/p>\n<p>La REC 2019 ser\u00e1 encabezada por el canciller Marcelo Ebrard, quien delinear\u00e1 las prioridades en materia de pol\u00edtica exterior del gobierno y coordinar\u00e1 los mensajes sobre los principales objetivos que se buscar\u00e1n alcanzar durante los siguientes seis a\u00f1os\u201d, se\u00f1al\u00f3 la dependencia.<\/p>\n","protected":false},"excerpt":{"rendered":"<p>Este lunes arranca la XXX Reuni\u00f3n de Embajadores y C\u00f3nsules, cuya inauguraci\u00f3n estar\u00e1 a cargo del canciller mexicano, Marcelo Ebrard Casaubon. El pr\u00f3ximo mi\u00e9rcoles los representantes de nuestro pa\u00eds ante el mundo se encontrar\u00e1n con el presidente Andr\u00e9s Manuel L\u00f3pez Obrador quien expondr\u00e1 las prioridades de pol\u00edtica exterior de M\u00e9xico. De acuerdo con la Secretar\u00eda [&hellip;]<\/p>\n","protected":false},"author":2,"featured_media":368511,"comment_status":"closed","ping_status":"closed","sticky":false,"template":"","format":"standard","meta":{"footnotes":""},"categories":[3],"tags":[],"class_list":["post-368525","post","type-post","status-publish","format-standard","has-post-thumbnail","hentry","category-nacional"],"_links":{"self":[{"href":"https:\/\/diarioavancetabasco.com\/index.php?rest_route=\/wp\/v2\/posts\/368525","targetHints":{"allow":["GET"]}}],"collection":[{"href":"https:\/\/diarioavancetabasco.com\/index.php?rest_route=\/wp\/v2\/posts"}],"about":[{"href":"https:\/\/diarioavancetabasco.com\/index.php?rest_route=\/wp\/v2\/types\/post"}],"author":[{"embeddable":true,"href":"https:\/\/diarioavancetabasco.com\/index.php?rest_route=\/wp\/v2\/users\/2"}],"replies":[{"embeddable":true,"href":"https:\/\/diarioavancetabasco.com\/index.php?rest_route=%2Fwp%2Fv2%2Fcomments&post=368525"}],"version-history":[{"count":2,"href":"https:\/\/diarioavancetabasco.com\/index.php?rest_route=\/wp\/v2\/posts\/368525\/revisions"}],"predecessor-version":[{"id":368574,"href":"https:\/\/diarioavancetabasco.com\/index.php?rest_route=\/wp\/v2\/posts\/368525\/revisions\/368574"}],"wp:featuredmedia":[{"embeddable":true,"href":"https:\/\/diarioavancetabasco.com\/index.php?rest_route=\/wp\/v2\/media\/368511"}],"wp:attachment":[{"href":"https:\/\/diarioavancetabasco.com\/index.php?rest_route=%2Fwp%2Fv2%2Fmedia&parent=368525"}],"wp:term":[{"taxonomy":"category","embeddable":true,"href":"https:\/\/diarioavancetabasco.com\/index.php?rest_route=%2Fwp%2Fv2%2Fcategories&post=368525"},{"taxonomy":"post_tag","embeddable":true,"href":"https:\/\/diarioavancetabasco.com\/index.php?rest_route=%2Fwp%2Fv2%2Ftags&post=368525"}],"curies":[{"name":"wp","href":"https:\/\/api.w.org\/{rel}","templated":true}]}}