{"id":368557,"date":"2019-01-07T00:07:01","date_gmt":"2019-01-07T06:07:01","guid":{"rendered":"http:\/\/diarioavancetabasco.com\/?p=368557"},"modified":"2019-01-07T00:07:01","modified_gmt":"2019-01-07T06:07:01","slug":"masivos-eventos-del-dia-de-reyes","status":"publish","type":"post","link":"https:\/\/diarioavancetabasco.com\/?p=368557","title":{"rendered":"Masivos eventos del D\u00eda de Reyes"},"content":{"rendered":"<p><!--\np.p1 {margin: 0.0px 0.0px 0.0px 0.0px; text-align: justify; line-height: 10.0px; font: 52.0px Whitman}\np.p2 {margin: 0.0px 0.0px 0.0px 0.0px; text-align: justify; line-height: 10.0px; font: 10.0px Whitman}\np.p3 {margin: 0.0px 0.0px 0.0px 0.0px; text-align: justify; text-indent: 6.0px; line-height: 10.0px; font: 10.0px Whitman}\nspan.s1 {letter-spacing: -0.2px}\n-->Luis Garc\u00eda<\/p>\n<p>Dos razones tuvieron ayer las familias villahermosinas y porque no decirlo tabasque\u00f1as para salir a las calles. La primera el tan pregonado desfile del D\u00eda de Reyes que organizo el famoso \u201cMago Chontal\u201d, Ra\u00fal Torres F\u00f3cil auspiciado por la radiodifusora XEVT de los hermanos Sibilla y patrocinado por un importante n\u00famero de empresas que decidieron apostar a llevar recreaci\u00f3n a las familias en este d\u00eda tan importante. Y el segundo es el masivo evento que organiz\u00f3 el gobierno de Tabasco en la nave uno del parque Tabasco. En ambos programas asisti\u00f3 el gobernador Ad\u00e1n Augusto L\u00f3pez Hern\u00e1ndez y su esposa Dea Isabel Estrada de L\u00f3pez, quienes sintieron el cari\u00f1o del pueblo desbordado no por el inter\u00e9s de un cargo p\u00fablico, como \u00faltimamente ha sentido el mandatario en cada encuentro que tiene con todos los que sienten la necesidad de \u201cayudar\u201d o \u201ccolaborar\u201d con la nueva administraci\u00f3n y se acercan para manifestarle su solidaridad sincera y sin ning\u00fan \u201cinter\u00e9s\u201d. Pues estas personas que se acercaban a saludar al matrimonio de ninguna manera lo hac\u00edan para que les dieran un \u201chueso\u201d como llamamos despectivamente la acci\u00f3n, sino con el fin \u00fanico de tener una foto de recuerdo con el gobernante y su esposa. Por ello los L\u00f3pez Estrada, accedieron a realizarse decenas de fotograf\u00edas o de \u201cselfis\u201d, como ahora le llaman. Desde su llegada a la popular colonia Tamult\u00e9 donde inici\u00f3 el desfile de patrocinadores del programa del Mago Chontal, hasta su salida del mismo, las familias ah\u00ed presentes se sintieron motivadas para tomarse la gr\u00e1fica con quien nos gobernar\u00e1 seis a\u00f1os. Olvidando por cierto los amargos seis a\u00f1os que pasamos. En ese sentido Ad\u00e1n Augusto al ser cuestionado sobre la carta enviada por el qu\u00edmico Andr\u00e9s Granier Melo donde pide que encarcelen al ex gobernador Arturo N\u00fa\u00f1ez Jim\u00e9nez, como a \u00e9l se lo hicieron. El actual mandatario fue muy respetuoso en su respuesta, tanto para un ex gobernante, como para el otro, aduciendo que cada quien es libre de manifestar su opini\u00f3n. En pocas palabras dijo que no lo anden queriendo meter en camisas de once varas. Las declaraciones del \u201cQu\u00edmico Granier\u201d, se dan justamente un d\u00eda despu\u00e9s que el actual diputado Ariel Cetina Bertruy, ex funcionario en la \u00e9poca granierista, da unas declaraciones en torno al deseo que se libere a su amigo, quien se encuentra injustamente encerrado en un penal de mediana seguridad. Coincidencia o no, se tiene que hilar ambos hechos y si alguien sabe de analizar ese tipo de situaciones es precisamente Ad\u00e1n, pues sabe que nada se da por libre albedrio que todo trae algo, ante ello decide no omitir comentario que pueda ubicarlo de un lado u otro. Granier junto con sus seguidores sienten que es el momento de presionar para su liberaci\u00f3n. Todo mundo tiene el derecho a movilizarse para su bien personal, los resultados son otra cosa.<\/p>\n<p>EL CIERRE.- Hoy es el reinici\u00f3 a clases de m\u00e1s de 500 mil estudiantes de educaci\u00f3n b\u00e1sica. Los directores y maestros se encuentran con nuevas autoridades, mismas que est\u00e1n conformadas por personas que conocen del asunto pol\u00edtico, sindical y administrativo, todos encabezados por el tacotalpense Guillermo Narvaez Osorio, quien ya se encuentra preparado para recibir los embates que siempre se presentan al regreso de vacaciones o de iniciar el ciclo escolar. A este sector le esperan duros d\u00edas, pero con el conocimiento de Santana Maga\u00f1a Izquierdo, Rub\u00e9n Maga\u00f1a, Fernando Calzada Falc\u00f3n y el secretario del ramo, seguro se saldr\u00e1 adelante\u2026La Universidad Ju\u00e1rez Aut\u00f3noma de Tabasco sigue de vacaciones hasta el 10 pr\u00f3ximo regresan a las actividades administrativas y acad\u00e9micas\u2026Por hoy es todo nos leemos luego\u2026<\/p>\n","protected":false},"excerpt":{"rendered":"<p>Luis Garc\u00eda Dos razones tuvieron ayer las familias villahermosinas y porque no decirlo tabasque\u00f1as para salir a las calles. La primera el tan pregonado desfile del D\u00eda de Reyes que organizo el famoso \u201cMago Chontal\u201d, Ra\u00fal Torres F\u00f3cil auspiciado por la radiodifusora XEVT de los hermanos Sibilla y patrocinado por un importante n\u00famero de empresas [&hellip;]<\/p>\n","protected":false},"author":2,"featured_media":368519,"comment_status":"closed","ping_status":"closed","sticky":false,"template":"","format":"standard","meta":{"footnotes":""},"categories":[49],"tags":[],"class_list":["post-368557","post","type-post","status-publish","format-standard","has-post-thumbnail","hentry","category-palabra-publica-editorial"],"_links":{"self":[{"href":"https:\/\/diarioavancetabasco.com\/index.php?rest_route=\/wp\/v2\/posts\/368557","targetHints":{"allow":["GET"]}}],"collection":[{"href":"https:\/\/diarioavancetabasco.com\/index.php?rest_route=\/wp\/v2\/posts"}],"about":[{"href":"https:\/\/diarioavancetabasco.com\/index.php?rest_route=\/wp\/v2\/types\/post"}],"author":[{"embeddable":true,"href":"https:\/\/diarioavancetabasco.com\/index.php?rest_route=\/wp\/v2\/users\/2"}],"replies":[{"embeddable":true,"href":"https:\/\/diarioavancetabasco.com\/index.php?rest_route=%2Fwp%2Fv2%2Fcomments&post=368557"}],"version-history":[{"count":2,"href":"https:\/\/diarioavancetabasco.com\/index.php?rest_route=\/wp\/v2\/posts\/368557\/revisions"}],"predecessor-version":[{"id":368569,"href":"https:\/\/diarioavancetabasco.com\/index.php?rest_route=\/wp\/v2\/posts\/368557\/revisions\/368569"}],"wp:featuredmedia":[{"embeddable":true,"href":"https:\/\/diarioavancetabasco.com\/index.php?rest_route=\/wp\/v2\/media\/368519"}],"wp:attachment":[{"href":"https:\/\/diarioavancetabasco.com\/index.php?rest_route=%2Fwp%2Fv2%2Fmedia&parent=368557"}],"wp:term":[{"taxonomy":"category","embeddable":true,"href":"https:\/\/diarioavancetabasco.com\/index.php?rest_route=%2Fwp%2Fv2%2Fcategories&post=368557"},{"taxonomy":"post_tag","embeddable":true,"href":"https:\/\/diarioavancetabasco.com\/index.php?rest_route=%2Fwp%2Fv2%2Ftags&post=368557"}],"curies":[{"name":"wp","href":"https:\/\/api.w.org\/{rel}","templated":true}]}}