{"id":368586,"date":"2019-01-08T00:35:25","date_gmt":"2019-01-08T06:35:25","guid":{"rendered":"http:\/\/diarioavancetabasco.com\/?p=368586"},"modified":"2019-01-08T00:35:35","modified_gmt":"2019-01-08T06:35:35","slug":"educacion-auditorias-proyectos-y-el-bienestar-de-los-sindicatos","status":"publish","type":"post","link":"https:\/\/diarioavancetabasco.com\/?p=368586","title":{"rendered":"Educaci\u00f3n: auditor\u00edas, proyectos y el bienestar de los sindicatos\u00a0"},"content":{"rendered":"<p><!--\np.p1 {margin: 0.0px 0.0px 0.0px 0.0px; text-align: justify; line-height: 10.0px; font: 52.0px Whitman}\np.p2 {margin: 0.0px 0.0px 0.0px 0.0px; text-align: justify; line-height: 10.0px; font: 10.0px Whitman}\np.p3 {margin: 0.0px 0.0px 0.0px 0.0px; text-align: justify; text-indent: 6.0px; line-height: 10.0px; font: 10.0px Whitman}\np.p4 {margin: 0.0px 0.0px 0.0px 0.0px; text-align: justify; text-indent: 6.0px; line-height: 10.0px; font: 10.0px Whitman; min-height: 12.0px}\np.p5 {margin: 0.0px 0.0px 0.0px 0.0px; text-align: justify; line-height: 10.0px; font: 10.0px Amplitude}\nspan.s1 {letter-spacing: -0.3px}\nspan.s2 {font: 10.0px Whitman; letter-spacing: -0.3px}\n-->Jos\u00e9 Mart\u00ednez<\/p>\n<p>Formalmente ayer fue el regreso a clases en todos los niveles, luego de unas largas vacaciones, y de vivir algunas molestias por parte de los docentes y administrativos que no recib\u00edan sus pagos de fin de a\u00f1o en esa dependencia.<\/p>\n<p>El nuevo gobierno sabe que un reto enorme y serio es el educativo. Uno de los sectores que recibe mayor presupuesto. Se habla mucho de la calidad, pero para mala fortuna, a la entidad no le ha ido nada bien en algunos rubros, y dentro de estos par\u00e1metros igual est\u00e1n las universidades.<\/p>\n<p>El surgimiento de por los menos diez sindicatos dentro de la instituci\u00f3n ha creado un mal mensaje para los estudiantes, ya que ante la m\u00ednima falta de los funcionarios, lo m\u00e1s f\u00e1cil para estos gremios es dejar de dar clases y lanzarse a las calles.<\/p>\n<p>Ahora, el ex presidente del Tribunal Superior de Justicia, Guillermo Narv\u00e1ez Osorio, fue designado como responsable para estar al frente de esta Secretar\u00eda. Es una persona con experiencia y buena fama p\u00fablica.<\/p>\n<p>En su primera declaraci\u00f3n dijo que har\u00e1 un diagn\u00f3stico para conocer a fondo la dependencia, de igual forma realizar algunos ajustes para sacar al estado de los \u00faltimos lugares en las asignaturas de espa\u00f1ol y matem\u00e1ticas.<\/p>\n<p>Anunci\u00f3 que har\u00e1 tambi\u00e9n una auditor\u00eda a la n\u00f3mina de la dependencia y dar\u00e1 de baja de \u00e9sta a posibles \u201caviadores\u201d. En esa dependencia existe o exist\u00eda una pesada carga de \u201ccomisionados\u201d o \u201cadscritos\u201d; tambi\u00e9n habr\u00e1 que revisar las dobles, triples y cu\u00e1druples plazas.<\/p>\n<p>En su momento \u00c1ngel Sol\u00eds Carballo, anterior secretario, declar\u00f3 que la falta de avances era una responsabilidad de los padres de familias, quienes no se preocupan por apoyar a sus hijos en las tareas, reconociendo adem\u00e1s que la entidad nunca ha estado en los primeros lugares. \u00bfQu\u00e9 tanto hizo? Pronto lo sabremos.<\/p>\n<p>Incluso, Aurelio Nu\u00f1o se atrevi\u00f3 a apostar que el estado estar\u00eda compitiendo en cinco a\u00f1os con Guadalajara, Nuevo Le\u00f3n y la Ciudad de M\u00e9xico, lo que se qued\u00f3 en solo eso, una apuesta al aire.<\/p>\n<p>Con la Reforma Educativa se pensaba que se cumplir\u00edan con los preceptos de mejorar en las evaluaciones, al final fue una situaci\u00f3n que se convirti\u00f3 en vergonzosa. Se trat\u00f3, como bien se ha dicho, de una reforma laboral y no educacional.<\/p>\n<p>La Auditor\u00eda Superior de la Federaci\u00f3n (ASF), concluy\u00f3 que la Reforma Educativa no ha tenido los resultados que mejoren la calidad educativa, ya que la mayor\u00eda de los estudiantes de nivel b\u00e1sico se encuentra en el m\u00e1s bajo; es decir, 56.7 por ciento en el \u00e1rea de matem\u00e1ticas, y el 48.1 por ciento en lectura.<\/p>\n<p>Todo esto se refleja en el \u00cdndice de Cumplimiento de la Responsabilidad Educativa Estatal (ICRE) presentado por \u201cMexicanos Primero\u201d, donde se\u00f1ala que Tabasco empeor\u00f3 en este ranking en dos a\u00f1os, al pasar del sitio 13 en 2016, con 6.1 por ciento, al lugar 24 en el 2018, con el 5.1.<\/p>\n<p>Es decir, el estado se coloc\u00f3 entre las entidades que no cumplen con la obligaci\u00f3n constitucional de brindar plena educaci\u00f3n, desde el preescolar hasta el medio superior.<\/p>\n<p>La tarea de Guillermo Narv\u00e1ez ser\u00e1 tit\u00e1nica. Tiene la experiencia pol\u00edtica y acad\u00e9mica, pero tendr\u00e1 que lidiar con los sindicatos, que en lugar de ayudar buscan ese bienestar personal que solo lleva a seguir reprobando al sector. Se requiere una labor constante y firme.<\/p>\n<p>&nbsp;<\/p>\n<p><b>HABERES<\/b><\/p>\n<p>Es tal la desconfianza que se ha generado, que ahora los medicamentos que el gobierno del estado, de la mano de Ad\u00e1n Augusto L\u00f3pez, ser\u00e1n vigilados con c\u00e1maras. A ese grado llegamos. Es lamentable que quienes abusan del presupuesto no perdonen ni a los pacientes.<\/p>\n","protected":false},"excerpt":{"rendered":"<p>Jos\u00e9 Mart\u00ednez Formalmente ayer fue el regreso a clases en todos los niveles, luego de unas largas vacaciones, y de vivir algunas molestias por parte de los docentes y administrativos que no recib\u00edan sus pagos de fin de a\u00f1o en esa dependencia. El nuevo gobierno sabe que un reto enorme y serio es el educativo. [&hellip;]<\/p>\n","protected":false},"author":2,"featured_media":368519,"comment_status":"closed","ping_status":"closed","sticky":false,"template":"","format":"standard","meta":{"footnotes":""},"categories":[39],"tags":[],"class_list":["post-368586","post","type-post","status-publish","format-standard","has-post-thumbnail","hentry","category-corte-de-caja"],"_links":{"self":[{"href":"https:\/\/diarioavancetabasco.com\/index.php?rest_route=\/wp\/v2\/posts\/368586","targetHints":{"allow":["GET"]}}],"collection":[{"href":"https:\/\/diarioavancetabasco.com\/index.php?rest_route=\/wp\/v2\/posts"}],"about":[{"href":"https:\/\/diarioavancetabasco.com\/index.php?rest_route=\/wp\/v2\/types\/post"}],"author":[{"embeddable":true,"href":"https:\/\/diarioavancetabasco.com\/index.php?rest_route=\/wp\/v2\/users\/2"}],"replies":[{"embeddable":true,"href":"https:\/\/diarioavancetabasco.com\/index.php?rest_route=%2Fwp%2Fv2%2Fcomments&post=368586"}],"version-history":[{"count":2,"href":"https:\/\/diarioavancetabasco.com\/index.php?rest_route=\/wp\/v2\/posts\/368586\/revisions"}],"predecessor-version":[{"id":368662,"href":"https:\/\/diarioavancetabasco.com\/index.php?rest_route=\/wp\/v2\/posts\/368586\/revisions\/368662"}],"wp:featuredmedia":[{"embeddable":true,"href":"https:\/\/diarioavancetabasco.com\/index.php?rest_route=\/wp\/v2\/media\/368519"}],"wp:attachment":[{"href":"https:\/\/diarioavancetabasco.com\/index.php?rest_route=%2Fwp%2Fv2%2Fmedia&parent=368586"}],"wp:term":[{"taxonomy":"category","embeddable":true,"href":"https:\/\/diarioavancetabasco.com\/index.php?rest_route=%2Fwp%2Fv2%2Fcategories&post=368586"},{"taxonomy":"post_tag","embeddable":true,"href":"https:\/\/diarioavancetabasco.com\/index.php?rest_route=%2Fwp%2Fv2%2Ftags&post=368586"}],"curies":[{"name":"wp","href":"https:\/\/api.w.org\/{rel}","templated":true}]}}