{"id":368877,"date":"2019-01-11T00:46:33","date_gmt":"2019-01-11T06:46:33","guid":{"rendered":"http:\/\/diarioavancetabasco.com\/?p=368877"},"modified":"2019-01-11T00:46:36","modified_gmt":"2019-01-11T06:46:36","slug":"dialogo-para-poder-ordenar-transporte","status":"publish","type":"post","link":"https:\/\/diarioavancetabasco.com\/?p=368877","title":{"rendered":"Di\u00e1logo para poder ordenar transporte"},"content":{"rendered":"<p><!--\np.p1 {margin: 0.0px 0.0px 0.0px 0.0px; text-align: justify; line-height: 10.0px; font: 52.0px Whitman}\np.p2 {margin: 0.0px 0.0px 0.0px 0.0px; text-align: justify; line-height: 10.0px; font: 10.0px Whitman}\np.p3 {margin: 0.0px 0.0px 0.0px 0.0px; text-align: justify; text-indent: 6.0px; line-height: 10.0px; font: 10.0px Whitman}\np.p4 {margin: 0.0px 0.0px 0.0px 0.0px; text-align: justify; text-indent: 6.0px; line-height: 10.0px; font: 10.0px Whitman; min-height: 12.0px}\np.p5 {margin: 0.0px 0.0px 0.0px 0.0px; line-height: 10.0px; font: 11.0px Amplitude}\nspan.s1 {letter-spacing: -0.2px}\nspan.s2 {letter-spacing: -0.1px}\n-->El acuerdo logrado entre Gobierno y transportistas para aplazar el ajuste a las tarifas del pasaje abre una nueva etapa de di\u00e1logo y comunicaci\u00f3n efectiva entre autoridades y el sector para mejorar el servicio en beneficio de los usuarios, subray\u00f3 la secretaria de Movilidad, Egla Cornelio Landero.<\/p>\n<p>La funcionaria destac\u00f3 la medida alcanzada, \u201ccon di\u00e1logo y sensibilidad\u201d, por parte del gobernador Ad\u00e1n Augusto L\u00f3pez Hern\u00e1ndez, y resalt\u00f3 la disposici\u00f3n de los concesionarios y permisionarios del servicio para, aun en medio de condiciones econ\u00f3micas dif\u00edciles, detener hasta por seis meses un incremento que impactaba directamente en la poblaci\u00f3n.<\/p>\n<p>Mencion\u00f3 que el paso siguiente es iniciar los estudios t\u00e9cnicos para dar viabilidad a la nueva tarifa que ser\u00e1 anunciada en el mes de julio, porque, se\u00f1al\u00f3, \u201clo que s\u00ed no puede perderse de vista es que s\u00ed requiere modificarse\u201d, dado que no ha tenido variaci\u00f3n desde el a\u00f1o 2013.<\/p>\n<p>Cornelio Landero dijo que en contrasentido, en ese lapso de seis a\u00f1os el costo de insumos como el combustible y las refacciones, s\u00ed han registrado alzas sustanciales, aunque, a\u00f1adi\u00f3, en el nuevo an\u00e1lisis se tomar\u00e1 en cuenta a m\u00e1s factores, como la tasa de desocupaci\u00f3n y el \u00edndice de precios al consumidor, entre otros.<\/p>\n<p>\u201cLo que encontramos como sustento para autorizar las tarifas publicadas el pasado 31 de diciembre, son opiniones que carec\u00edan de fundamento real y no justificaban elementos econ\u00f3micos, como el desempleo y todo el entorno que involucra tanto a usuarios como a prestadores del servicio\u201d, explic\u00f3.<\/p>\n<p>&nbsp;<\/p>\n<p><b>SIGUEN VIGENTES TARIFAS ANTERIORES<\/b><\/p>\n<p>La secretaria de Movilidad sostuvo que el proceso t\u00e9cnico abrir\u00e1 el di\u00e1logo con todas las partes involucradas en el sector transporte, \u201cpara escuchar a todas las partes\u201d, y precis\u00f3 que la elaboraci\u00f3n del estudio respectivo recaer\u00e1 en la Subsecretar\u00eda de Movilidad, a cargo de Adri\u00e1n Carbajal Dom\u00ednguez.<\/p>\n<p>Con respecto a la determinaci\u00f3n de posponer el aumento al transporte, Egla Cornelio dej\u00f3 claro que la medida involucra el servicio en todas sus modalidades, es decir, acentu\u00f3, desde taxis, hasta el transporte urbano en Villahermosa, incluidos los pochim\u00f3viles, adem\u00e1s del suburbano y for\u00e1neo.<\/p>\n<p>Lo anterior significa que deben seguir aplic\u00e1ndose las tarifas vigentes hasta antes del 31 de diciembre de 2018, asever\u00f3, e inst\u00f3 a los usuarios a denunciar en la l\u00ednea telef\u00f3nica 3503999 cualquier tipo de irregularidad o abuso por parte de quienes prestan el servicio.<\/p>\n","protected":false},"excerpt":{"rendered":"<p>El acuerdo logrado entre Gobierno y transportistas para aplazar el ajuste a las tarifas del pasaje abre una nueva etapa de di\u00e1logo y comunicaci\u00f3n efectiva entre autoridades y el sector para mejorar el servicio en beneficio de los usuarios, subray\u00f3 la secretaria de Movilidad, Egla Cornelio Landero. La funcionaria destac\u00f3 la medida alcanzada, \u201ccon di\u00e1logo [&hellip;]<\/p>\n","protected":false},"author":2,"featured_media":368843,"comment_status":"closed","ping_status":"closed","sticky":false,"template":"","format":"standard","meta":{"footnotes":""},"categories":[19],"tags":[],"class_list":["post-368877","post","type-post","status-publish","format-standard","has-post-thumbnail","hentry","category-de-ultima-hora"],"_links":{"self":[{"href":"https:\/\/diarioavancetabasco.com\/index.php?rest_route=\/wp\/v2\/posts\/368877","targetHints":{"allow":["GET"]}}],"collection":[{"href":"https:\/\/diarioavancetabasco.com\/index.php?rest_route=\/wp\/v2\/posts"}],"about":[{"href":"https:\/\/diarioavancetabasco.com\/index.php?rest_route=\/wp\/v2\/types\/post"}],"author":[{"embeddable":true,"href":"https:\/\/diarioavancetabasco.com\/index.php?rest_route=\/wp\/v2\/users\/2"}],"replies":[{"embeddable":true,"href":"https:\/\/diarioavancetabasco.com\/index.php?rest_route=%2Fwp%2Fv2%2Fcomments&post=368877"}],"version-history":[{"count":2,"href":"https:\/\/diarioavancetabasco.com\/index.php?rest_route=\/wp\/v2\/posts\/368877\/revisions"}],"predecessor-version":[{"id":368915,"href":"https:\/\/diarioavancetabasco.com\/index.php?rest_route=\/wp\/v2\/posts\/368877\/revisions\/368915"}],"wp:featuredmedia":[{"embeddable":true,"href":"https:\/\/diarioavancetabasco.com\/index.php?rest_route=\/wp\/v2\/media\/368843"}],"wp:attachment":[{"href":"https:\/\/diarioavancetabasco.com\/index.php?rest_route=%2Fwp%2Fv2%2Fmedia&parent=368877"}],"wp:term":[{"taxonomy":"category","embeddable":true,"href":"https:\/\/diarioavancetabasco.com\/index.php?rest_route=%2Fwp%2Fv2%2Fcategories&post=368877"},{"taxonomy":"post_tag","embeddable":true,"href":"https:\/\/diarioavancetabasco.com\/index.php?rest_route=%2Fwp%2Fv2%2Ftags&post=368877"}],"curies":[{"name":"wp","href":"https:\/\/api.w.org\/{rel}","templated":true}]}}