{"id":369391,"date":"2019-01-18T00:22:16","date_gmt":"2019-01-18T06:22:16","guid":{"rendered":"http:\/\/diarioavancetabasco.com\/?p=369391"},"modified":"2019-01-18T00:22:21","modified_gmt":"2019-01-18T06:22:21","slug":"ya-tiene-rival","status":"publish","type":"post","link":"https:\/\/diarioavancetabasco.com\/?p=369391","title":{"rendered":"\u00a1Ya tiene rival!"},"content":{"rendered":"<p><!--\np.p1 {margin: 0.0px 0.0px 0.0px 0.0px; text-align: justify; line-height: 10.0px; font: 52.0px Whitman}\np.p2 {margin: 0.0px 0.0px 0.0px 0.0px; text-align: justify; line-height: 10.0px; font: 10.0px Whitman}\np.p3 {margin: 0.0px 0.0px 0.0px 0.0px; text-align: justify; text-indent: 6.0px; line-height: 10.0px; font: 10.0px Whitman}\nspan.s1 {letter-spacing: -0.2px}\n-->El boxeador mexicano\u00a0Sa\u00fal \u201cCanelo\u201d \u00c1lvarez\u00a0confirm\u00f3 este jueves que volver\u00e1 a los encordados el mes de mayo para medirse ante el peligroso pugilista\u00a0Daniel Jacobs, teniendo como escenario la\u00a0Arena T-Mobile de Las Vegas.<\/p>\n<p>\u00c1lvarez Barrag\u00e1n\u00a0pele\u00f3 por \u00faltima vez el 15 de diciembre del a\u00f1o pasado, ante el brit\u00e1nico Rocky Fielding, y lo derrot\u00f3 sin problemas para alzar el t\u00edtulo de peso s\u00faper medio de la\u00a0AMB.<\/p>\n<p>El p\u00fagil mexicano adem\u00e1s unificar\u00e1 los campeonatos de la Asociaci\u00f3n Mundial de Boxeo,\u00a0Consejo Mundial de Boxeo\u00a0y Federaci\u00f3n Internacional de boxeo.<\/p>\n<p>Aunque se crey\u00f3 que esta fecha iba a ser ocupada para completar la trilog\u00eda ante Gennady Golovkin, el elegido fue\u00a0Jacobs\u00a0quien ya hab\u00eda sonado en el pasado para ser rival del tapat\u00edo. Eventualmente para septiembre el kazajo tendr\u00eda su oportunidad.<\/p>\n<p>Jacobs, de 31 a\u00f1os de edad presume de una hoja de trabajo de 37 peleas, de las cuales ha vencido en 35 y ha perdido un par de pleitos. Por su parte, el mexicano de la\u00a0Casa del Boxeo tiene su r\u00e9cord en 51 victorias, 2 empates y 1 derrota.<\/p>\n","protected":false},"excerpt":{"rendered":"<p>El boxeador mexicano\u00a0Sa\u00fal \u201cCanelo\u201d \u00c1lvarez\u00a0confirm\u00f3 este jueves que volver\u00e1 a los encordados el mes de mayo para medirse ante el peligroso pugilista\u00a0Daniel Jacobs, teniendo como escenario la\u00a0Arena T-Mobile de Las Vegas. \u00c1lvarez Barrag\u00e1n\u00a0pele\u00f3 por \u00faltima vez el 15 de diciembre del a\u00f1o pasado, ante el brit\u00e1nico Rocky Fielding, y lo derrot\u00f3 sin problemas para alzar [&hellip;]<\/p>\n","protected":false},"author":2,"featured_media":369342,"comment_status":"closed","ping_status":"closed","sticky":false,"template":"","format":"standard","meta":{"footnotes":""},"categories":[6],"tags":[],"class_list":["post-369391","post","type-post","status-publish","format-standard","has-post-thumbnail","hentry","category-deportes"],"_links":{"self":[{"href":"https:\/\/diarioavancetabasco.com\/index.php?rest_route=\/wp\/v2\/posts\/369391","targetHints":{"allow":["GET"]}}],"collection":[{"href":"https:\/\/diarioavancetabasco.com\/index.php?rest_route=\/wp\/v2\/posts"}],"about":[{"href":"https:\/\/diarioavancetabasco.com\/index.php?rest_route=\/wp\/v2\/types\/post"}],"author":[{"embeddable":true,"href":"https:\/\/diarioavancetabasco.com\/index.php?rest_route=\/wp\/v2\/users\/2"}],"replies":[{"embeddable":true,"href":"https:\/\/diarioavancetabasco.com\/index.php?rest_route=%2Fwp%2Fv2%2Fcomments&post=369391"}],"version-history":[{"count":2,"href":"https:\/\/diarioavancetabasco.com\/index.php?rest_route=\/wp\/v2\/posts\/369391\/revisions"}],"predecessor-version":[{"id":369411,"href":"https:\/\/diarioavancetabasco.com\/index.php?rest_route=\/wp\/v2\/posts\/369391\/revisions\/369411"}],"wp:featuredmedia":[{"embeddable":true,"href":"https:\/\/diarioavancetabasco.com\/index.php?rest_route=\/wp\/v2\/media\/369342"}],"wp:attachment":[{"href":"https:\/\/diarioavancetabasco.com\/index.php?rest_route=%2Fwp%2Fv2%2Fmedia&parent=369391"}],"wp:term":[{"taxonomy":"category","embeddable":true,"href":"https:\/\/diarioavancetabasco.com\/index.php?rest_route=%2Fwp%2Fv2%2Fcategories&post=369391"},{"taxonomy":"post_tag","embeddable":true,"href":"https:\/\/diarioavancetabasco.com\/index.php?rest_route=%2Fwp%2Fv2%2Ftags&post=369391"}],"curies":[{"name":"wp","href":"https:\/\/api.w.org\/{rel}","templated":true}]}}