{"id":369479,"date":"2019-01-19T00:11:17","date_gmt":"2019-01-19T06:11:17","guid":{"rendered":"http:\/\/diarioavancetabasco.com\/?p=369479"},"modified":"2019-01-19T00:11:19","modified_gmt":"2019-01-19T06:11:19","slug":"sale-libre-saiz-pineda","status":"publish","type":"post","link":"https:\/\/diarioavancetabasco.com\/?p=369479","title":{"rendered":"Sale libre Saiz Pineda"},"content":{"rendered":"<p><!--\np.p1 {margin: 0.0px 0.0px 0.0px 0.0px; text-align: justify; line-height: 10.0px; font: 52.0px Whitman}\np.p2 {margin: 0.0px 0.0px 0.0px 0.0px; text-align: justify; line-height: 10.0px; font: 10.0px Whitman}\np.p3 {margin: 0.0px 0.0px 0.0px 0.0px; text-align: justify; text-indent: 6.0px; line-height: 10.0px; font: 10.0px Whitman}\nspan.s1 {letter-spacing: -0.2px}\nspan.s2 {letter-spacing: -0.1px}\n-->Ayer por la noche el ex secretario de Planeaci\u00f3n y Finanzas en el gobierno del pri\u00edsta Andr\u00e9s Granier Melo, dej\u00f3 las instalaciones del Centro de Readaptaci\u00f3n Social, al conced\u00e9rsele la libertad condicional.<\/p>\n<p>Como se recordar\u00e1 este ex funcionario fue acusado del delito de peculado tal y como consta\u00a0 en la carpeta de investigaci\u00f3n\u00a0 157\/2013, por lo que\u00a0 ayer por la tarde al reanudarse la diligencia en el juzgado tercero, la jueza le concedi\u00f3 la libertad bajo fianza, en d\u00f3nde solo acudir\u00e1 cada 15 d\u00edas a firmar su boleta y no podr\u00e1 salir del Estado y del Pa\u00eds.<\/p>\n<p>Inmediatamente despu\u00e9s de realizarse los tr\u00e1mites administrativos, el contador Jos\u00e9 Manuel Saiz Pineda sali\u00f3 del Creset durante la noche de este viernes.<\/p>\n<p>Cabe hacer menci\u00f3n que a nivel federal, este enfrenta un proceso por el delito de defraudaci\u00f3n fiscal, por la que se tendr\u00e1 que pagar una fianza de mill\u00f3n y medio de pesos.<\/p>\n","protected":false},"excerpt":{"rendered":"<p>Ayer por la noche el ex secretario de Planeaci\u00f3n y Finanzas en el gobierno del pri\u00edsta Andr\u00e9s Granier Melo, dej\u00f3 las instalaciones del Centro de Readaptaci\u00f3n Social, al conced\u00e9rsele la libertad condicional. Como se recordar\u00e1 este ex funcionario fue acusado del delito de peculado tal y como consta\u00a0 en la carpeta de investigaci\u00f3n\u00a0 157\/2013, por [&hellip;]<\/p>\n","protected":false},"author":2,"featured_media":369480,"comment_status":"closed","ping_status":"closed","sticky":false,"template":"","format":"standard","meta":{"footnotes":""},"categories":[19],"tags":[],"class_list":["post-369479","post","type-post","status-publish","format-standard","has-post-thumbnail","hentry","category-de-ultima-hora"],"_links":{"self":[{"href":"https:\/\/diarioavancetabasco.com\/index.php?rest_route=\/wp\/v2\/posts\/369479","targetHints":{"allow":["GET"]}}],"collection":[{"href":"https:\/\/diarioavancetabasco.com\/index.php?rest_route=\/wp\/v2\/posts"}],"about":[{"href":"https:\/\/diarioavancetabasco.com\/index.php?rest_route=\/wp\/v2\/types\/post"}],"author":[{"embeddable":true,"href":"https:\/\/diarioavancetabasco.com\/index.php?rest_route=\/wp\/v2\/users\/2"}],"replies":[{"embeddable":true,"href":"https:\/\/diarioavancetabasco.com\/index.php?rest_route=%2Fwp%2Fv2%2Fcomments&post=369479"}],"version-history":[{"count":2,"href":"https:\/\/diarioavancetabasco.com\/index.php?rest_route=\/wp\/v2\/posts\/369479\/revisions"}],"predecessor-version":[{"id":369488,"href":"https:\/\/diarioavancetabasco.com\/index.php?rest_route=\/wp\/v2\/posts\/369479\/revisions\/369488"}],"wp:featuredmedia":[{"embeddable":true,"href":"https:\/\/diarioavancetabasco.com\/index.php?rest_route=\/wp\/v2\/media\/369480"}],"wp:attachment":[{"href":"https:\/\/diarioavancetabasco.com\/index.php?rest_route=%2Fwp%2Fv2%2Fmedia&parent=369479"}],"wp:term":[{"taxonomy":"category","embeddable":true,"href":"https:\/\/diarioavancetabasco.com\/index.php?rest_route=%2Fwp%2Fv2%2Fcategories&post=369479"},{"taxonomy":"post_tag","embeddable":true,"href":"https:\/\/diarioavancetabasco.com\/index.php?rest_route=%2Fwp%2Fv2%2Ftags&post=369479"}],"curies":[{"name":"wp","href":"https:\/\/api.w.org\/{rel}","templated":true}]}}