{"id":369511,"date":"2019-01-21T00:24:09","date_gmt":"2019-01-21T06:24:09","guid":{"rendered":"http:\/\/diarioavancetabasco.com\/?p=369511"},"modified":"2019-01-21T00:24:10","modified_gmt":"2019-01-21T06:24:10","slug":"quien-tiene-la-verdad-en-el-caso-de-hidalgo","status":"publish","type":"post","link":"https:\/\/diarioavancetabasco.com\/?p=369511","title":{"rendered":"Qui\u00e9n tiene la verdad en el caso de hidalgo"},"content":{"rendered":"<p><!--\np.p1 {margin: 0.0px 0.0px 0.0px 0.0px; text-align: justify; line-height: 10.0px; font: 51.5px Whitman}\np.p2 {margin: 0.0px 0.0px 0.0px 0.0px; text-align: justify; line-height: 10.0px; font: 10.0px Whitman}\nspan.s1 {letter-spacing: -0.4px}\n-->Luis Garc\u00eda<\/p>\n<p>Lo sucedido el viernes en Tlahuelilpan, Hidalgo donde hasta el \u00faltimo corte de ayer los muertos ascend\u00edan a 88 personas, no es m\u00e1s que la irresponsabilidad de las personas, principalmente de los padres de familia que ah\u00ed se encontraban festinando el hecho de que de una tuber\u00eda brotar\u00e1 no agua, sino gasolina y se atrevieran a literalmente ba\u00f1arse con este energ\u00e9tico como si fuera una forma de diversi\u00f3n, que en cualquier momento ten\u00eda que terminar como sucedi\u00f3, en una desgracia que ahora ser\u00e1 responsabilizada al gobierno de la Rep\u00fablica, porque fueron ellos los causantes por combatir el huachicoleo. Muchas an\u00e1lisis existen en ese sentido, si son responsables, si no lo son, pero la verdad es que murieron muchas personas que estaban realizando un delito, aunque para algunos no existiera esa figura, pues simple y sencillamente fueron a recolectar los que ah\u00ed estaba brotando y pues de algo podr\u00eda servir a la deteriorada econom\u00eda familiar. Por cierto hay quienes culparon a la anterior administraci\u00f3n de lo sucedido ah\u00ed y otras m\u00e1s aseguran que fue Fox o Calder\u00f3n.\u00a0 La verdad que es f\u00e1cil opinar, es f\u00e1cil ahora caer en las Fake News. En ese sentido el investigador Juan Carlos Holguin, escribe algo muy cierto \u201cpodr\u00edamos encontrarnos ante una crisis de la verdad: una verdad que no es verdad, pero parecer\u00eda real para la mayor\u00eda de los ciudadanos\u201d. Dicha crisis de la verdad yace en una ruptura social sobre lo consideramos verdadero, seg\u00fan Bel\u00e9n Albornoz, investigadora en FLACSO, quien agrega, \u201cla verdad ya no importa. El dato no importa. La noticia no importa. Quien genere el mejor escenario alrededor de la verdad ser\u00e1 quien la determine\u201d. Dos conceptos muy parecidos que puede de alguna manera llevar al tema de lo que estamos hablando porque al final existen tantas verdades, que la verdad original, nadie la quiere ver. Cu\u00e1l es esa verdad, se preguntar\u00e1n. Bueno, que hay 88 muertos y que puede seguir creciendo el n\u00famero. Que la responsabilidad, no es del gobierno, ni del Ej\u00e9rcito, sino la de las personas que fueron ah\u00ed a recolectar el producto. Cualquier otra verdad que los medios, los analistas, los twuiteros y otras redes sociales quieran vender, son s\u00f3lo agregados de la verdad original. Hay\u00a0quienes desean fustigar al gobierno federal, por no ordenar al Ej\u00e9rcito actuar de manera dura, que hubiera sido mejor 100 detenidos a 66 o 88 muertos. Podr\u00eda ser, la realidad es que el hubiera no existe. La realidad es que las personas que fallecieron tienen familias, familias que ahora quieren buscar un responsable, porque as\u00ed los aleccionaron. Quieren una indemnizaci\u00f3n, cuando este tipo de figuras se tienen que dar cuando el Estado incumple con algunos preceptos de tipo legal. Pero en este caso, no se puede. En todo caso, valga la redundancia de palabra, se deber\u00eda de \u201cayudar\u201d, as\u00ed entre comillas a las familias a darle cristiana sepultura a sus muertos, pero creo en lo personal, hasta ah\u00ed. Quiz\u00e1s lo que digo es mi verdad, o la verdad desde la perspectiva que la analizo, luego de ver muchos textos sobre el tema. Al final la historia ser\u00e1 quien juzgue al gobierno y a los fallecidos\u2026<\/p>\n<p>AL CIERRE.- La salida del penal y el arraigo domiciliario del ex gobernador Andr\u00e9s Granier Melo, no es un acto de gracia a su favor, sino el resultado de muchos a\u00f1os de pelea jur\u00eddica y donde los jueces determinaron que la petici\u00f3n era fundamentada. No puede tampoco verse como una gesti\u00f3n gubernamental, ni nada por el estilo. El propio gobernador Ad\u00e1n Augusto L\u00f3pez Hern\u00e1ndez, neg\u00f3 que haya pactado la prisi\u00f3n domiciliaria de Andr\u00e9s Granier y la libertad condicional de Jos\u00e9 Saiz Pineda. Recordemos que el mandatario es abogado y notario, por lo que sabe perfectamente el significado de meter las manos en esos temas demasiados delicados\u2026Vuelve a cobrar vida la zona de CICOM, si recuerdan el significado de esas siglas (Centro de Interpretaci\u00f3n de las Culturas Olmeca y Maya). Bueno ah\u00ed se instal\u00f3 desde este fin de semana pasado el Corredor Cultural Artesanal. El evento fue inaugurado por la titular de la Secretar\u00eda de Cultura, Yolanda Osuna Huerta\u2026.Nos leemos el viernes\u2026<\/p>\n","protected":false},"excerpt":{"rendered":"<p>Luis Garc\u00eda Lo sucedido el viernes en Tlahuelilpan, Hidalgo donde hasta el \u00faltimo corte de ayer los muertos ascend\u00edan a 88 personas, no es m\u00e1s que la irresponsabilidad de las personas, principalmente de los padres de familia que ah\u00ed se encontraban festinando el hecho de que de una tuber\u00eda brotar\u00e1 no agua, sino gasolina y [&hellip;]<\/p>\n","protected":false},"author":2,"featured_media":369528,"comment_status":"closed","ping_status":"closed","sticky":false,"template":"","format":"standard","meta":{"footnotes":""},"categories":[49],"tags":[],"class_list":["post-369511","post","type-post","status-publish","format-standard","has-post-thumbnail","hentry","category-palabra-publica-editorial"],"_links":{"self":[{"href":"https:\/\/diarioavancetabasco.com\/index.php?rest_route=\/wp\/v2\/posts\/369511","targetHints":{"allow":["GET"]}}],"collection":[{"href":"https:\/\/diarioavancetabasco.com\/index.php?rest_route=\/wp\/v2\/posts"}],"about":[{"href":"https:\/\/diarioavancetabasco.com\/index.php?rest_route=\/wp\/v2\/types\/post"}],"author":[{"embeddable":true,"href":"https:\/\/diarioavancetabasco.com\/index.php?rest_route=\/wp\/v2\/users\/2"}],"replies":[{"embeddable":true,"href":"https:\/\/diarioavancetabasco.com\/index.php?rest_route=%2Fwp%2Fv2%2Fcomments&post=369511"}],"version-history":[{"count":2,"href":"https:\/\/diarioavancetabasco.com\/index.php?rest_route=\/wp\/v2\/posts\/369511\/revisions"}],"predecessor-version":[{"id":369573,"href":"https:\/\/diarioavancetabasco.com\/index.php?rest_route=\/wp\/v2\/posts\/369511\/revisions\/369573"}],"wp:featuredmedia":[{"embeddable":true,"href":"https:\/\/diarioavancetabasco.com\/index.php?rest_route=\/wp\/v2\/media\/369528"}],"wp:attachment":[{"href":"https:\/\/diarioavancetabasco.com\/index.php?rest_route=%2Fwp%2Fv2%2Fmedia&parent=369511"}],"wp:term":[{"taxonomy":"category","embeddable":true,"href":"https:\/\/diarioavancetabasco.com\/index.php?rest_route=%2Fwp%2Fv2%2Fcategories&post=369511"},{"taxonomy":"post_tag","embeddable":true,"href":"https:\/\/diarioavancetabasco.com\/index.php?rest_route=%2Fwp%2Fv2%2Ftags&post=369511"}],"curies":[{"name":"wp","href":"https:\/\/api.w.org\/{rel}","templated":true}]}}