{"id":369612,"date":"2019-01-21T21:19:21","date_gmt":"2019-01-22T03:19:21","guid":{"rendered":"http:\/\/diarioavancetabasco.com\/?p=369612"},"modified":"2019-01-21T21:19:21","modified_gmt":"2019-01-22T03:19:21","slug":"eln-se-adjudica-atentado","status":"publish","type":"post","link":"https:\/\/diarioavancetabasco.com\/?p=369612","title":{"rendered":"ELN se adjudica atentado"},"content":{"rendered":"<style type=\"text\/css\"><!--\np.p1 {margin: 0.0px 0.0px 0.0px 0.0px; text-align: justify; line-height: 10.0px; font: 52.0px Whitman}\np.p2 {margin: 0.0px 0.0px 0.0px 0.0px; text-align: justify; line-height: 10.0px; font: 10.0px Whitman}\np.p3 {margin: 0.0px 0.0px 0.0px 0.0px; text-align: justify; text-indent: 6.0px; line-height: 10.0px; font: 10.0px Whitman}\nspan.s1 {letter-spacing: -0.2px}\n--><\/style>\n<p>El Ej\u00e9rcito de Liberaci\u00f3n Nacional de Colombia (ELN) se atribuy\u00f3 hoy la autor\u00eda de un ataque con coche bomba en una academia de polic\u00eda de Bogot\u00e1 que caus\u00f3 21 muertos y docenas de heridos.<\/p>\n<p>El comando central del ELN explic\u00f3 en un comunicado que el ataque contra la instalaci\u00f3n militar fue una respuesta leg\u00edtima al bombardeo por parte de las fuerzas armadas de un campamento de la guerrilla durante el reci\u00e9n concluido alto al fuego unilateral declarado por los rebeldes durante la Navidad.<\/p>\n<p>Por tanto la operaci\u00f3n realizada contra dichas instalaciones y tropas, es l\u00edcita dentro del derecho de la guerra, no hubo ninguna v\u00edctima no combatiente\u201d, afirma el grupo guerrillero.<\/p>\n","protected":false},"excerpt":{"rendered":"<p>El Ej\u00e9rcito de Liberaci\u00f3n Nacional de Colombia (ELN) se atribuy\u00f3 hoy la autor\u00eda de un ataque con coche bomba en una academia de polic\u00eda de Bogot\u00e1 que caus\u00f3 21 muertos y docenas de heridos. El comando central del ELN explic\u00f3 en un comunicado que el ataque contra la instalaci\u00f3n militar fue una respuesta leg\u00edtima al [&hellip;]<\/p>\n","protected":false},"author":2,"featured_media":369596,"comment_status":"closed","ping_status":"closed","sticky":false,"template":"","format":"standard","meta":{"footnotes":""},"categories":[4],"tags":[],"class_list":["post-369612","post","type-post","status-publish","format-standard","has-post-thumbnail","hentry","category-mundo"],"_links":{"self":[{"href":"https:\/\/diarioavancetabasco.com\/index.php?rest_route=\/wp\/v2\/posts\/369612","targetHints":{"allow":["GET"]}}],"collection":[{"href":"https:\/\/diarioavancetabasco.com\/index.php?rest_route=\/wp\/v2\/posts"}],"about":[{"href":"https:\/\/diarioavancetabasco.com\/index.php?rest_route=\/wp\/v2\/types\/post"}],"author":[{"embeddable":true,"href":"https:\/\/diarioavancetabasco.com\/index.php?rest_route=\/wp\/v2\/users\/2"}],"replies":[{"embeddable":true,"href":"https:\/\/diarioavancetabasco.com\/index.php?rest_route=%2Fwp%2Fv2%2Fcomments&post=369612"}],"version-history":[{"count":1,"href":"https:\/\/diarioavancetabasco.com\/index.php?rest_route=\/wp\/v2\/posts\/369612\/revisions"}],"predecessor-version":[{"id":369615,"href":"https:\/\/diarioavancetabasco.com\/index.php?rest_route=\/wp\/v2\/posts\/369612\/revisions\/369615"}],"wp:featuredmedia":[{"embeddable":true,"href":"https:\/\/diarioavancetabasco.com\/index.php?rest_route=\/wp\/v2\/media\/369596"}],"wp:attachment":[{"href":"https:\/\/diarioavancetabasco.com\/index.php?rest_route=%2Fwp%2Fv2%2Fmedia&parent=369612"}],"wp:term":[{"taxonomy":"category","embeddable":true,"href":"https:\/\/diarioavancetabasco.com\/index.php?rest_route=%2Fwp%2Fv2%2Fcategories&post=369612"},{"taxonomy":"post_tag","embeddable":true,"href":"https:\/\/diarioavancetabasco.com\/index.php?rest_route=%2Fwp%2Fv2%2Ftags&post=369612"}],"curies":[{"name":"wp","href":"https:\/\/api.w.org\/{rel}","templated":true}]}}