{"id":369779,"date":"2019-01-24T00:40:47","date_gmt":"2019-01-24T06:40:47","guid":{"rendered":"http:\/\/diarioavancetabasco.com\/?p=369779"},"modified":"2019-01-24T00:40:52","modified_gmt":"2019-01-24T06:40:52","slug":"embajadora-a-votacion","status":"publish","type":"post","link":"https:\/\/diarioavancetabasco.com\/?p=369779","title":{"rendered":"Embajadora a votaci\u00f3n"},"content":{"rendered":"<p><!--\np.p1 {margin: 0.0px 0.0px 0.0px 0.0px; text-align: justify; line-height: 10.0px; font: 52.0px Whitman}\np.p2 {margin: 0.0px 0.0px 0.0px 0.0px; text-align: justify; line-height: 10.0px; font: 10.0px Whitman}\np.p3 {margin: 0.0px 0.0px 0.0px 0.0px; text-align: justify; text-indent: 6.0px; line-height: 10.0px; font: 10.0px Whitman}\nspan.s1 {letter-spacing: -0.2px}\n-->C\u00c1RDENAS, TAB.- En un hecho por dem\u00e1s relevante se hizo el anuncio que la embajadora saldr\u00e1 de un proceso de selecci\u00f3n democr\u00e1tico, por lo que quedo abierta la convocatoria para todas las j\u00f3venes cardenenses para que acudan a inscribirse y participar entre una gama de bellezas para ser elegida y representar al municipio en la m\u00e1xima fiesta de los tabasque\u00f1os,<\/p>\n<p>El funcionario, explico que ser\u00e1n las instalaciones del Centro Cultural, \u201cJos\u00e9 Valeriano Maldonado y Arellano\u201d el sitio para recepcionar los documentos que deben ser entregados por las interesadas y un tutor o representante, a partir del 22 al 27 de enero; donde se garantiza que ser realizara una selecci\u00f3n imparcial, equitativa y sin favoritismo por parte de las autoridades.<\/p>\n<p>Para esto, se dio a conocer al Comit\u00e9 Ciudadano integrado por Noem\u00ed Alfani de Estrada, Rossana M\u00e9ndez Heredia, Cinthia Cristell Evia y C\u00e9sar Aguilera Silva, quienes garantizar\u00e1n la limpieza del proceso de selecci\u00f3n sin l\u00edmites de aspirantes, cuyos requisitos explic\u00f3 ser\u00e1n contar con 18 a 25 a\u00f1os, ser originaria del municipio y radique en \u00e9l, medir 1.65 mts de estatura entre otros aspectos que marca la convocatoria estatal, enfatiz\u00f3.<\/p>\n<p>Con el objetivo fijado en desempe\u00f1ar un buen papel en la pr\u00f3xima feria tabasque\u00f1a y obtener la tercera flor de oro para el municipio, fue que el gobierno como estrategia para que sean los ciudadanos quienes convoquen a su embajadora y que sea la mejor quien represente la belleza cardenense en la Feria Tabasco 2019.<\/p>\n","protected":false},"excerpt":{"rendered":"<p>C\u00c1RDENAS, TAB.- En un hecho por dem\u00e1s relevante se hizo el anuncio que la embajadora saldr\u00e1 de un proceso de selecci\u00f3n democr\u00e1tico, por lo que quedo abierta la convocatoria para todas las j\u00f3venes cardenenses para que acudan a inscribirse y participar entre una gama de bellezas para ser elegida y representar al municipio en la [&hellip;]<\/p>\n","protected":false},"author":2,"featured_media":369759,"comment_status":"closed","ping_status":"closed","sticky":false,"template":"","format":"standard","meta":{"footnotes":""},"categories":[12],"tags":[],"class_list":["post-369779","post","type-post","status-publish","format-standard","has-post-thumbnail","hentry","category-municipios"],"_links":{"self":[{"href":"https:\/\/diarioavancetabasco.com\/index.php?rest_route=\/wp\/v2\/posts\/369779","targetHints":{"allow":["GET"]}}],"collection":[{"href":"https:\/\/diarioavancetabasco.com\/index.php?rest_route=\/wp\/v2\/posts"}],"about":[{"href":"https:\/\/diarioavancetabasco.com\/index.php?rest_route=\/wp\/v2\/types\/post"}],"author":[{"embeddable":true,"href":"https:\/\/diarioavancetabasco.com\/index.php?rest_route=\/wp\/v2\/users\/2"}],"replies":[{"embeddable":true,"href":"https:\/\/diarioavancetabasco.com\/index.php?rest_route=%2Fwp%2Fv2%2Fcomments&post=369779"}],"version-history":[{"count":2,"href":"https:\/\/diarioavancetabasco.com\/index.php?rest_route=\/wp\/v2\/posts\/369779\/revisions"}],"predecessor-version":[{"id":369822,"href":"https:\/\/diarioavancetabasco.com\/index.php?rest_route=\/wp\/v2\/posts\/369779\/revisions\/369822"}],"wp:featuredmedia":[{"embeddable":true,"href":"https:\/\/diarioavancetabasco.com\/index.php?rest_route=\/wp\/v2\/media\/369759"}],"wp:attachment":[{"href":"https:\/\/diarioavancetabasco.com\/index.php?rest_route=%2Fwp%2Fv2%2Fmedia&parent=369779"}],"wp:term":[{"taxonomy":"category","embeddable":true,"href":"https:\/\/diarioavancetabasco.com\/index.php?rest_route=%2Fwp%2Fv2%2Fcategories&post=369779"},{"taxonomy":"post_tag","embeddable":true,"href":"https:\/\/diarioavancetabasco.com\/index.php?rest_route=%2Fwp%2Fv2%2Ftags&post=369779"}],"curies":[{"name":"wp","href":"https:\/\/api.w.org\/{rel}","templated":true}]}}