{"id":369790,"date":"2019-01-24T00:46:47","date_gmt":"2019-01-24T06:46:47","guid":{"rendered":"http:\/\/diarioavancetabasco.com\/?p=369790"},"modified":"2019-01-24T00:46:47","modified_gmt":"2019-01-24T06:46:47","slug":"bandas-locales-los-que-cometen-atracos-sspc","status":"publish","type":"post","link":"https:\/\/diarioavancetabasco.com\/?p=369790","title":{"rendered":"Bandas locales, los que cometen atracos: SSPC"},"content":{"rendered":"<p><!--\np.p1 {margin: 0.0px 0.0px 0.0px 0.0px; text-align: justify; line-height: 10.0px; font: 10.0px Whitman}\np.p2 {margin: 0.0px 0.0px 0.0px 0.0px; text-align: justify; text-indent: 6.0px; line-height: 10.0px; font: 10.0px Whitman}\nspan.s1 {letter-spacing: -0.1px}\n--><!--\np.p1 {margin: 0.0px 0.0px 0.0px 0.0px; text-align: justify; line-height: 10.0px; font: 10.0px Whitman}\np.p2 {margin: 0.0px 0.0px 0.0px 0.0px; text-align: justify; text-indent: 6.0px; line-height: 10.0px; font: 10.0px Whitman}\nspan.s1 {letter-spacing: -0.1px}\n-->El titular de la Secretar\u00eda de Seguridad y Protecci\u00f3n Ciudadana, Jorge Alberto Aguirre Carbajal, inform\u00f3 que la banda que cometi\u00f3 el atraco en la unidad bancaria de conocida plaza, no es la misma que cometi\u00f3 el asalto en una casa de empe\u00f1o, aunque reconoci\u00f3 que son bandas locales que est\u00e1n surgiendo.<\/p>\n<p>\u201cTenemos\u00a0 investigaciones de esa banda que se\u00a0 introdujo al banco, no podemos permitir que quede impune, estamos trabajando en ello,\u00a0 y es un grupo delictivo local\u201d.<\/p>\n<p>Aclar\u00f3 que los atracos cometidos \u00faltimamente, son bandas delictivas, peque\u00f1os grupitos y a veces tambi\u00e9n gente unilateral que comete\u00a0 dichos delitos.<\/p>\n<p>Reconoci\u00f3 que el gran reto al que se enfrenta est\u00e1 secretar\u00eda es el rob\u00f3 a comercio aunque se\u00f1al\u00f3 que la incidencia\u00a0 de este delito va a la baja en comparaci\u00f3n a lo registrando durante el\u00a0 2017 y 2018.<\/p>\n<p>\u201cLa incidencia delictiva realmente ha ido a la baja, paulatinamente,\u00a0 en comparaci\u00f3n con otros a\u00f1os, en lo que va de 2017 al 2018 en relaci\u00f3n al robo al comercio ha ido a la baja, as\u00ed como el robo calificado a casa-habitaci\u00f3n, y el de robo a transe\u00fantes aunque seguimos ocupando el primer lugar a nivel nacional.<\/p>\n","protected":false},"excerpt":{"rendered":"<p>El titular de la Secretar\u00eda de Seguridad y Protecci\u00f3n Ciudadana, Jorge Alberto Aguirre Carbajal, inform\u00f3 que la banda que cometi\u00f3 el atraco en la unidad bancaria de conocida plaza, no es la misma que cometi\u00f3 el asalto en una casa de empe\u00f1o, aunque reconoci\u00f3 que son bandas locales que est\u00e1n surgiendo. \u201cTenemos\u00a0 investigaciones de esa [&hellip;]<\/p>\n","protected":false},"author":2,"featured_media":369760,"comment_status":"closed","ping_status":"closed","sticky":false,"template":"","format":"standard","meta":{"footnotes":""},"categories":[19],"tags":[],"class_list":["post-369790","post","type-post","status-publish","format-standard","has-post-thumbnail","hentry","category-de-ultima-hora"],"_links":{"self":[{"href":"https:\/\/diarioavancetabasco.com\/index.php?rest_route=\/wp\/v2\/posts\/369790","targetHints":{"allow":["GET"]}}],"collection":[{"href":"https:\/\/diarioavancetabasco.com\/index.php?rest_route=\/wp\/v2\/posts"}],"about":[{"href":"https:\/\/diarioavancetabasco.com\/index.php?rest_route=\/wp\/v2\/types\/post"}],"author":[{"embeddable":true,"href":"https:\/\/diarioavancetabasco.com\/index.php?rest_route=\/wp\/v2\/users\/2"}],"replies":[{"embeddable":true,"href":"https:\/\/diarioavancetabasco.com\/index.php?rest_route=%2Fwp%2Fv2%2Fcomments&post=369790"}],"version-history":[{"count":2,"href":"https:\/\/diarioavancetabasco.com\/index.php?rest_route=\/wp\/v2\/posts\/369790\/revisions"}],"predecessor-version":[{"id":369827,"href":"https:\/\/diarioavancetabasco.com\/index.php?rest_route=\/wp\/v2\/posts\/369790\/revisions\/369827"}],"wp:featuredmedia":[{"embeddable":true,"href":"https:\/\/diarioavancetabasco.com\/index.php?rest_route=\/wp\/v2\/media\/369760"}],"wp:attachment":[{"href":"https:\/\/diarioavancetabasco.com\/index.php?rest_route=%2Fwp%2Fv2%2Fmedia&parent=369790"}],"wp:term":[{"taxonomy":"category","embeddable":true,"href":"https:\/\/diarioavancetabasco.com\/index.php?rest_route=%2Fwp%2Fv2%2Fcategories&post=369790"},{"taxonomy":"post_tag","embeddable":true,"href":"https:\/\/diarioavancetabasco.com\/index.php?rest_route=%2Fwp%2Fv2%2Ftags&post=369790"}],"curies":[{"name":"wp","href":"https:\/\/api.w.org\/{rel}","templated":true}]}}