{"id":369802,"date":"2019-01-24T00:29:57","date_gmt":"2019-01-24T06:29:57","guid":{"rendered":"http:\/\/diarioavancetabasco.com\/?p=369802"},"modified":"2019-01-24T00:29:59","modified_gmt":"2019-01-24T06:29:59","slug":"asume-nelly-vargas-la-titularidad-del-iem","status":"publish","type":"post","link":"https:\/\/diarioavancetabasco.com\/?p=369802","title":{"rendered":"Asume Nelly Vargas la titularidad del IEM"},"content":{"rendered":"<p><!--\np.p1 {margin: 0.0px 0.0px 0.0px 0.0px; text-align: justify; text-indent: 6.0px; line-height: 10.0px; font: 10.0px Whitman}\nspan.s1 {letter-spacing: -0.2px}\n-->El secretario de Gobierno, Marcos Rosendo Medina Filigrana, dio posesi\u00f3n esta tarde a Nelly Vargas P\u00e9rez como titular del Instituto Estatal de las Mujeres (IEM Tabasco), luego que el Congreso del Estado la designara responsable de este organismo encargado de promover y fomentar la igualdad de oportunidades, la no discriminaci\u00f3n y el ejercicio pleno de todos los derechos de las mujeres.<\/p>\n<p>Nelly Vargas P\u00e9rez, ex diputada local, es licenciada en Contadur\u00eda P\u00fablica y\u00a0 cuenta con una maestr\u00eda en Desarrollo Organizacional, adem\u00e1s de diplomados en Programaci\u00f3n Neuroling\u00fc\u00edstica, Oratoria y Discurso Pol\u00edtico.<\/p>\n<p>En la Administraci\u00f3n P\u00fablica, se ha desempe\u00f1ado entre otros cargos, como jefa de la Oficina de Presupuesto de la Secretar\u00eda de Finanzas de Tabasco, subgerente regional en Diconsa Sureste, jefa de Oficina de Presupuesto de la Direcci\u00f3n de Egreso y jefa del Departamento de Presupuesto y Programaci\u00f3n de la Direcci\u00f3n de Egresos del Gobierno del Estado, as\u00ed como Presidente del DIF Municipal de Comalcalco.<\/p>\n<p>Es conferencista y consultora en Desarrollo Organizacional, Desarrollo Humano, y Dise\u00f1o de Procesos y Capacitaci\u00f3n, adem\u00e1s de ser socio fundador y presidenta honorar\u00eda de diferentes asociaciones y organizaciones en Tabasco, entre ellas la Cruz Roja.<\/p>\n","protected":false},"excerpt":{"rendered":"<p>El secretario de Gobierno, Marcos Rosendo Medina Filigrana, dio posesi\u00f3n esta tarde a Nelly Vargas P\u00e9rez como titular del Instituto Estatal de las Mujeres (IEM Tabasco), luego que el Congreso del Estado la designara responsable de este organismo encargado de promover y fomentar la igualdad de oportunidades, la no discriminaci\u00f3n y el ejercicio pleno de [&hellip;]<\/p>\n","protected":false},"author":2,"featured_media":369800,"comment_status":"closed","ping_status":"closed","sticky":false,"template":"","format":"standard","meta":{"footnotes":""},"categories":[9],"tags":[],"class_list":["post-369802","post","type-post","status-publish","format-standard","has-post-thumbnail","hentry","category-politica"],"_links":{"self":[{"href":"https:\/\/diarioavancetabasco.com\/index.php?rest_route=\/wp\/v2\/posts\/369802","targetHints":{"allow":["GET"]}}],"collection":[{"href":"https:\/\/diarioavancetabasco.com\/index.php?rest_route=\/wp\/v2\/posts"}],"about":[{"href":"https:\/\/diarioavancetabasco.com\/index.php?rest_route=\/wp\/v2\/types\/post"}],"author":[{"embeddable":true,"href":"https:\/\/diarioavancetabasco.com\/index.php?rest_route=\/wp\/v2\/users\/2"}],"replies":[{"embeddable":true,"href":"https:\/\/diarioavancetabasco.com\/index.php?rest_route=%2Fwp%2Fv2%2Fcomments&post=369802"}],"version-history":[{"count":2,"href":"https:\/\/diarioavancetabasco.com\/index.php?rest_route=\/wp\/v2\/posts\/369802\/revisions"}],"predecessor-version":[{"id":369815,"href":"https:\/\/diarioavancetabasco.com\/index.php?rest_route=\/wp\/v2\/posts\/369802\/revisions\/369815"}],"wp:featuredmedia":[{"embeddable":true,"href":"https:\/\/diarioavancetabasco.com\/index.php?rest_route=\/wp\/v2\/media\/369800"}],"wp:attachment":[{"href":"https:\/\/diarioavancetabasco.com\/index.php?rest_route=%2Fwp%2Fv2%2Fmedia&parent=369802"}],"wp:term":[{"taxonomy":"category","embeddable":true,"href":"https:\/\/diarioavancetabasco.com\/index.php?rest_route=%2Fwp%2Fv2%2Fcategories&post=369802"},{"taxonomy":"post_tag","embeddable":true,"href":"https:\/\/diarioavancetabasco.com\/index.php?rest_route=%2Fwp%2Fv2%2Ftags&post=369802"}],"curies":[{"name":"wp","href":"https:\/\/api.w.org\/{rel}","templated":true}]}}