{"id":369885,"date":"2019-01-25T00:41:30","date_gmt":"2019-01-25T06:41:30","guid":{"rendered":"http:\/\/diarioavancetabasco.com\/?p=369885"},"modified":"2019-01-25T00:41:31","modified_gmt":"2019-01-25T06:41:31","slug":"se-reforzaran-las-medidas-de-racionalidad","status":"publish","type":"post","link":"https:\/\/diarioavancetabasco.com\/?p=369885","title":{"rendered":"Se reforzar\u00e1n las medidas de racionalidad"},"content":{"rendered":"<p><!--\np.p1 {margin: 0.0px 0.0px 0.0px 0.0px; text-align: justify; line-height: 10.0px; font: 52.0px Whitman}\np.p2 {margin: 0.0px 0.0px 0.0px 0.0px; text-align: justify; line-height: 10.0px; font: 10.0px Whitman}\np.p3 {margin: 0.0px 0.0px 0.0px 0.0px; text-align: justify; text-indent: 6.0px; line-height: 10.0px; font: 10.0px Whitman}\nspan.s1 {letter-spacing: -0.2px}\nspan.s2 {letter-spacing: -0.3px}\nspan.s3 {letter-spacing: -0.4px}\n-->Tras sostener que las medidas de austeridad dadas a conocer por el Gobierno del Estado, servir\u00e1n para reforzar las acciones de racionalidad que se han propuesto en este gobierno, la presidenta de la Junta de Coordinaci\u00f3n de Coordinaci\u00f3n Pol\u00edtica del Congreso, Beatriz Milland P\u00e9rez \u201caplaudi\u00f3\u201d dichas medidas.<\/p>\n<p>La legisladora local indic\u00f3 que en el caso del Congreso del Estado, desde el inicio de la actual legislatura, -el a\u00f1o pasado-, se aplicaron medidas de racionalidad, desde reducci\u00f3n de la dieta de los legisladores y evitando gastos \u201csuperfluos\u201d.<\/p>\n<p>\u201cSabemos que la pol\u00edtica de austeridad es una realidad y no es una situaci\u00f3n que se quede en meras palabras, es una instrucci\u00f3n de nuestro presidente L\u00f3pez Obrador que acataremos y que llevaremos a cabo\u201d, apunt\u00f3.<\/p>\n","protected":false},"excerpt":{"rendered":"<p>Tras sostener que las medidas de austeridad dadas a conocer por el Gobierno del Estado, servir\u00e1n para reforzar las acciones de racionalidad que se han propuesto en este gobierno, la presidenta de la Junta de Coordinaci\u00f3n de Coordinaci\u00f3n Pol\u00edtica del Congreso, Beatriz Milland P\u00e9rez \u201caplaudi\u00f3\u201d dichas medidas. La legisladora local indic\u00f3 que en el caso [&hellip;]<\/p>\n","protected":false},"author":2,"featured_media":369886,"comment_status":"closed","ping_status":"closed","sticky":false,"template":"","format":"standard","meta":{"footnotes":""},"categories":[9],"tags":[],"class_list":["post-369885","post","type-post","status-publish","format-standard","has-post-thumbnail","hentry","category-politica"],"_links":{"self":[{"href":"https:\/\/diarioavancetabasco.com\/index.php?rest_route=\/wp\/v2\/posts\/369885","targetHints":{"allow":["GET"]}}],"collection":[{"href":"https:\/\/diarioavancetabasco.com\/index.php?rest_route=\/wp\/v2\/posts"}],"about":[{"href":"https:\/\/diarioavancetabasco.com\/index.php?rest_route=\/wp\/v2\/types\/post"}],"author":[{"embeddable":true,"href":"https:\/\/diarioavancetabasco.com\/index.php?rest_route=\/wp\/v2\/users\/2"}],"replies":[{"embeddable":true,"href":"https:\/\/diarioavancetabasco.com\/index.php?rest_route=%2Fwp%2Fv2%2Fcomments&post=369885"}],"version-history":[{"count":2,"href":"https:\/\/diarioavancetabasco.com\/index.php?rest_route=\/wp\/v2\/posts\/369885\/revisions"}],"predecessor-version":[{"id":369911,"href":"https:\/\/diarioavancetabasco.com\/index.php?rest_route=\/wp\/v2\/posts\/369885\/revisions\/369911"}],"wp:featuredmedia":[{"embeddable":true,"href":"https:\/\/diarioavancetabasco.com\/index.php?rest_route=\/wp\/v2\/media\/369886"}],"wp:attachment":[{"href":"https:\/\/diarioavancetabasco.com\/index.php?rest_route=%2Fwp%2Fv2%2Fmedia&parent=369885"}],"wp:term":[{"taxonomy":"category","embeddable":true,"href":"https:\/\/diarioavancetabasco.com\/index.php?rest_route=%2Fwp%2Fv2%2Fcategories&post=369885"},{"taxonomy":"post_tag","embeddable":true,"href":"https:\/\/diarioavancetabasco.com\/index.php?rest_route=%2Fwp%2Fv2%2Ftags&post=369885"}],"curies":[{"name":"wp","href":"https:\/\/api.w.org\/{rel}","templated":true}]}}