{"id":369997,"date":"2019-01-28T00:15:33","date_gmt":"2019-01-28T06:15:33","guid":{"rendered":"http:\/\/diarioavancetabasco.com\/?p=369997"},"modified":"2019-01-28T00:15:40","modified_gmt":"2019-01-28T06:15:40","slug":"retos-en-educacion-preinscripcion-primera-prueba","status":"publish","type":"post","link":"https:\/\/diarioavancetabasco.com\/?p=369997","title":{"rendered":"Retos en Educaci\u00f3n, preinscripci\u00f3n, primera prueba"},"content":{"rendered":"<p><!--\np.p1 {margin: 0.0px 0.0px 0.0px 0.0px; text-align: justify; line-height: 10.0px; font: 52.0px Whitman}\np.p2 {margin: 0.0px 0.0px 0.0px 0.0px; text-align: justify; line-height: 10.0px; font: 10.0px Whitman}\np.p3 {margin: 0.0px 0.0px 0.0px 0.0px; text-align: justify; text-indent: 6.0px; line-height: 10.0px; font: 10.0px Whitman}\np.p4 {margin: 0.0px 0.0px 0.0px 0.0px; text-align: justify; text-indent: 6.0px; line-height: 10.0px; font: 10.0px Amplitude}\nspan.s1 {letter-spacing: -0.1px}\nspan.s2 {font: 10.0px Whitman; letter-spacing: -0.1px}\n-->Jos\u00e9 Mart\u00ednez<\/p>\n<p>Muy independiente de la falta de maestros y equipo, la secretar\u00eda de Educaci\u00f3n debe prepararse para las preinscripciones en l\u00ednea a realizarse en el mes de febrero. Se anunci\u00f3 que el proceso est\u00e1\u00a0listo, sin embargo, el a\u00f1o pasado arrastr\u00f3 serias fallas al momento de llevarse a cabo.<\/p>\n<p>Los reclamos fueron excesivos, a tal grado que las autoridades de esa dependencia reconocieron al final que lo mejor era acudir a los diferentes planteles educativos y realizar ah\u00ed el tr\u00e1mite\u00a0como de forma tradicional se ha hecho.<\/p>\n<p>Como una primera respuesta el actual secretario, Guillermo Narv\u00e1ez Osorio, dijo que en efecto, tienen un tal\u00f3n Aquiles con la tecnolog\u00eda, los aparatos son muy obsoletos, y es necesario cambiar\u00a0de equipos, lo que equivale a una buena suma de dinero.<\/p>\n<p>Otro de los temas que deber\u00e1 tener en su agenda es el pago de cuotas que cada a\u00f1o impone la mesa directiva v\u00eda directores de las escuelas. Estos montos (cada vez m\u00e1s elevados) se convirtieronen un caldo de cultivo para hacer explotar a los tutores, sobre todo porque nunca se pudo definir con exactitud c\u00f3mo y a d\u00f3nde va a parar cada peso.<\/p>\n<p>El problema es de transparencia, ha dicho el funcionario sobre el tema, porque la mayor\u00eda de los pap\u00e1s dan la cuota, pero como no ven resultados de ese dinero a favor de los planteles, es cuando\u00a0vienen las dudas, la desconfianza y los reclamos.<\/p>\n<p>Sin embargo, ese candado -en caso de no pagar- deriva en dejar afuera a quien pretende estudiar en un pa\u00eds donde en repetidas ocasiones han dicho que \u00e9sta es gratuita.<\/p>\n<p>Hay entonces un condicionamiento para estudiar. Existe una actitud que dejar\u00eda a varios peque\u00f1os y adolescentes fuera de lo que por ley es justo.<\/p>\n<p>Aunque el tema es delicado, Narv\u00e1ez Osorio en una entrevista en radio s\u00f3lo se limit\u00f3 a reconocer el problema, pero no dijo c\u00f3mo lo va a solucionar, el plan a implementar ahora en febrero.<\/p>\n<p>El secretario indic\u00f3 igual que la SETAB enfrenta otros retos, como el de transformar toda la estructura administrativa de la Secretar\u00eda y en elevar el nivel del estado de esos vergonzosos \u00faltimos\u00a0lugares que se tiene en los niveles educativos, fundamentalmente en matem\u00e1ticas y espa\u00f1ol, que es lo que la prueba PLANEA establece.<\/p>\n<p>Lo ideal ser\u00eda una automatizaci\u00f3n para ahorrar horas hombre de trabajo, y de la mano ahorrar a los maestros toda la tramitolog\u00eda.<\/p>\n<p>Falta igual enfrentar el fen\u00f3meno de la contrataci\u00f3n, el pago de energ\u00eda el\u00e9ctrica, as\u00ed como a un grupo de maestros y becas a los alumnos.<\/p>\n<p>Pero la prueba en puerta, como mencionamos al principio es la preinscripci\u00f3n, y es donde se dar\u00e1n los mayores reclamos. Nadie deben quedarse afuera, as\u00ed sean en las comunidades m\u00e1s apartadas.<br \/>\n<b>HABERES<\/b><\/p>\n<p>EL primero de febrero estar\u00e1 en Tabasco por segunda ocasi\u00f3n el presidente de la rep\u00fablica, Andr\u00e9s Manuel L\u00f3pez Obrador, para poner en marcha en el municipio de C\u00e1rdenas el programa Sembrando Vidas.En los pr\u00f3ximos d\u00edas se dar\u00e1n a conocer los pormenores sobre la gira presidencial.Una buena organizaci\u00f3n y asesor\u00eda t\u00e9cnica pueden garantizar los mejores resultados en este y otros proyectos.<\/p>\n","protected":false},"excerpt":{"rendered":"<p>Jos\u00e9 Mart\u00ednez Muy independiente de la falta de maestros y equipo, la secretar\u00eda de Educaci\u00f3n debe prepararse para las preinscripciones en l\u00ednea a realizarse en el mes de febrero. Se anunci\u00f3 que el proceso est\u00e1\u00a0listo, sin embargo, el a\u00f1o pasado arrastr\u00f3 serias fallas al momento de llevarse a cabo. Los reclamos fueron excesivos, a tal [&hellip;]<\/p>\n","protected":false},"author":2,"featured_media":369830,"comment_status":"closed","ping_status":"closed","sticky":false,"template":"","format":"standard","meta":{"footnotes":""},"categories":[9],"tags":[],"class_list":["post-369997","post","type-post","status-publish","format-standard","has-post-thumbnail","hentry","category-politica"],"_links":{"self":[{"href":"https:\/\/diarioavancetabasco.com\/index.php?rest_route=\/wp\/v2\/posts\/369997","targetHints":{"allow":["GET"]}}],"collection":[{"href":"https:\/\/diarioavancetabasco.com\/index.php?rest_route=\/wp\/v2\/posts"}],"about":[{"href":"https:\/\/diarioavancetabasco.com\/index.php?rest_route=\/wp\/v2\/types\/post"}],"author":[{"embeddable":true,"href":"https:\/\/diarioavancetabasco.com\/index.php?rest_route=\/wp\/v2\/users\/2"}],"replies":[{"embeddable":true,"href":"https:\/\/diarioavancetabasco.com\/index.php?rest_route=%2Fwp%2Fv2%2Fcomments&post=369997"}],"version-history":[{"count":2,"href":"https:\/\/diarioavancetabasco.com\/index.php?rest_route=\/wp\/v2\/posts\/369997\/revisions"}],"predecessor-version":[{"id":370086,"href":"https:\/\/diarioavancetabasco.com\/index.php?rest_route=\/wp\/v2\/posts\/369997\/revisions\/370086"}],"wp:featuredmedia":[{"embeddable":true,"href":"https:\/\/diarioavancetabasco.com\/index.php?rest_route=\/wp\/v2\/media\/369830"}],"wp:attachment":[{"href":"https:\/\/diarioavancetabasco.com\/index.php?rest_route=%2Fwp%2Fv2%2Fmedia&parent=369997"}],"wp:term":[{"taxonomy":"category","embeddable":true,"href":"https:\/\/diarioavancetabasco.com\/index.php?rest_route=%2Fwp%2Fv2%2Fcategories&post=369997"},{"taxonomy":"post_tag","embeddable":true,"href":"https:\/\/diarioavancetabasco.com\/index.php?rest_route=%2Fwp%2Fv2%2Ftags&post=369997"}],"curies":[{"name":"wp","href":"https:\/\/api.w.org\/{rel}","templated":true}]}}