{"id":370050,"date":"2019-01-28T00:11:41","date_gmt":"2019-01-28T06:11:41","guid":{"rendered":"http:\/\/diarioavancetabasco.com\/?p=370050"},"modified":"2019-01-28T00:11:46","modified_gmt":"2019-01-28T06:11:46","slug":"no-conozco-la-envidia","status":"publish","type":"post","link":"https:\/\/diarioavancetabasco.com\/?p=370050","title":{"rendered":"No conozco la envidia"},"content":{"rendered":"<p><!--\np.p1 {margin: 0.0px 0.0px 0.0px 0.0px; text-align: justify; line-height: 10.0px; font: 52.0px Whitman}\np.p2 {margin: 0.0px 0.0px 0.0px 0.0px; text-align: justify; line-height: 10.0px; font: 10.0px Whitman}\np.p3 {margin: 0.0px 0.0px 0.0px 0.0px; text-align: justify; text-indent: 6.0px; line-height: 10.0px; font: 10.0px Whitman}\nspan.s1 {letter-spacing: -0.2px}\n-->El pasado mi\u00e9rcoles, en el programa\u00a0La Saga, asisti\u00f3 como invitada la primera actriz\u00a0Patricia Reyes Sp\u00edndola, quien aclar\u00f3 lo qu\u00e9 ocurri\u00f3 luego de que en redes sociales la acusaran de \u201cenvidiosa\u201d tras uno comentario que hizo aprop\u00f3sito de las nominaciones al Oscar, donde\u00a0Yalitza Aparicio\u00a0figura como candidata a estatuilla a mejor actriz.<\/p>\n<p>Cabe mencionar, el 21 de enero, el programa \u201cVentaneando\u201d public\u00f3 una parte de la entrevista que le hizo a Sp\u00edndola, en la que le preguntan sobre\u00a0Yalitza Aparicio\u00a0y su participaci\u00f3n en\u00a0la pel\u00edcula \u201cRoma\u201d.<\/p>\n<p>En este sentido, Patricia Reyes Sp\u00edndola dijo a Adela Micha no saber el motivo por el que\u00a0se desat\u00f3 \u201cun desmadrito\u201d por su comentario en redes sociales.<\/p>\n<p>Adem\u00e1s, la tambi\u00e9n productora precis\u00f3 que dichas declaraciones no las ofreci\u00f3 el d\u00eda que se dieron a conocer las nominaciones a los premios Oscar, sino que fueron hechas un viernes antes de En este sentido, Sp\u00edndola habl\u00f3 sobre si le ve\u00eda carrera en Hoollywood para la actriz originaria de Oaxaca; \u201cMe parece que no tiene la vocaci\u00f3n de actriz. Me parece, ojal\u00e1 me equivoque y sea la Katy Jurado del siglo XXI\u201d, respondi\u00f3.<\/p>\n<p>Adem\u00e1s, mencionaron que Yalitza Aparicio tiene vocaci\u00f3n docente, por lo que en sus planes es probable que no pretend\u00eda convertirse en actriz.<\/p>\n<p>Por lo que Patricia Reyes Sp\u00edndola enfatiz\u00f3 que ella solo dio su punto de vista con base en una entrevista previa que hab\u00eda visto sobre Yalitza.<\/p>\n<p>Finalmente, Sp\u00edndola asegur\u00f3 que no siente envidia por el \u00e9xito de Yalitza, sino todo contrario, le dese\u00f3 que pueda volver a M\u00e9xico con los premios por las que ella fue nominada.<\/p>\n","protected":false},"excerpt":{"rendered":"<p>El pasado mi\u00e9rcoles, en el programa\u00a0La Saga, asisti\u00f3 como invitada la primera actriz\u00a0Patricia Reyes Sp\u00edndola, quien aclar\u00f3 lo qu\u00e9 ocurri\u00f3 luego de que en redes sociales la acusaran de \u201cenvidiosa\u201d tras uno comentario que hizo aprop\u00f3sito de las nominaciones al Oscar, donde\u00a0Yalitza Aparicio\u00a0figura como candidata a estatuilla a mejor actriz. Cabe mencionar, el 21 de [&hellip;]<\/p>\n","protected":false},"author":2,"featured_media":370013,"comment_status":"closed","ping_status":"closed","sticky":false,"template":"","format":"standard","meta":{"footnotes":""},"categories":[11],"tags":[],"class_list":["post-370050","post","type-post","status-publish","format-standard","has-post-thumbnail","hentry","category-espectaculos"],"_links":{"self":[{"href":"https:\/\/diarioavancetabasco.com\/index.php?rest_route=\/wp\/v2\/posts\/370050","targetHints":{"allow":["GET"]}}],"collection":[{"href":"https:\/\/diarioavancetabasco.com\/index.php?rest_route=\/wp\/v2\/posts"}],"about":[{"href":"https:\/\/diarioavancetabasco.com\/index.php?rest_route=\/wp\/v2\/types\/post"}],"author":[{"embeddable":true,"href":"https:\/\/diarioavancetabasco.com\/index.php?rest_route=\/wp\/v2\/users\/2"}],"replies":[{"embeddable":true,"href":"https:\/\/diarioavancetabasco.com\/index.php?rest_route=%2Fwp%2Fv2%2Fcomments&post=370050"}],"version-history":[{"count":2,"href":"https:\/\/diarioavancetabasco.com\/index.php?rest_route=\/wp\/v2\/posts\/370050\/revisions"}],"predecessor-version":[{"id":370081,"href":"https:\/\/diarioavancetabasco.com\/index.php?rest_route=\/wp\/v2\/posts\/370050\/revisions\/370081"}],"wp:featuredmedia":[{"embeddable":true,"href":"https:\/\/diarioavancetabasco.com\/index.php?rest_route=\/wp\/v2\/media\/370013"}],"wp:attachment":[{"href":"https:\/\/diarioavancetabasco.com\/index.php?rest_route=%2Fwp%2Fv2%2Fmedia&parent=370050"}],"wp:term":[{"taxonomy":"category","embeddable":true,"href":"https:\/\/diarioavancetabasco.com\/index.php?rest_route=%2Fwp%2Fv2%2Fcategories&post=370050"},{"taxonomy":"post_tag","embeddable":true,"href":"https:\/\/diarioavancetabasco.com\/index.php?rest_route=%2Fwp%2Fv2%2Ftags&post=370050"}],"curies":[{"name":"wp","href":"https:\/\/api.w.org\/{rel}","templated":true}]}}