{"id":370126,"date":"2019-01-29T00:31:18","date_gmt":"2019-01-29T06:31:18","guid":{"rendered":"http:\/\/diarioavancetabasco.com\/?p=370126"},"modified":"2019-01-29T00:31:21","modified_gmt":"2019-01-29T06:31:21","slug":"repararan-banquetas-en-la-zona-aledana-al-pino-suarez","status":"publish","type":"post","link":"https:\/\/diarioavancetabasco.com\/?p=370126","title":{"rendered":"Reparar\u00e1n banquetas en la zona aleda\u00f1a al Pino Su\u00e1rez"},"content":{"rendered":"<p><!--\np.p1 {margin: 0.0px 0.0px 0.0px 0.0px; text-align: justify; line-height: 10.0px; font: 10.0px Whitman}\np.p2 {margin: 0.0px 0.0px 0.0px 0.0px; text-align: justify; text-indent: 6.0px; line-height: 10.0px; font: 10.0px Whitman}\n-->En breve el ayuntamiento de Centro, llevar\u00e1\u00a0 a cabo la reparaci\u00f3n de las guarniciones y banquetes que se encuentran cerca del nuevo mercado Jos\u00e9 Mar\u00eda Pino Su\u00e1rez, as\u00ed como el cambio de drenaje y agua potable, por lo que los ambulantes de la zona tendr\u00e1n que ser reubicados.<\/p>\n<p>El alcalde del municipio, Evaristo Hern\u00e1ndez Cruz, se\u00f1al\u00f3 que\u00a0120 de los 420 ambulantes de los alrededores del nuevo mercado son quienes se niegan a ser reubicados.<\/p>\n<p>Por ello Hern\u00e1ndez Cruz, coment\u00f3 que se privilegiar\u00e1 el di\u00e1logo con estos vendedores, sin embargo,\u00a0tendr\u00e1n que moverse para cuando se inaugure el nuevo centro de abasto.<\/p>\n<p>Y es qu\u00e9 detallo que se iniciar\u00e1 un programa de reparaci\u00f3n de las calles, guarniciones y banquetas, de los alrededores del nuevo mercado p\u00fablico.<\/p>\n<p>Se espera,\u00a0que para los primeros d\u00edas del mes de abril se comience el traslado de los locatarios, y para esa fecha ya no debe haber ambulantes.<\/p>\n","protected":false},"excerpt":{"rendered":"<p>En breve el ayuntamiento de Centro, llevar\u00e1\u00a0 a cabo la reparaci\u00f3n de las guarniciones y banquetes que se encuentran cerca del nuevo mercado Jos\u00e9 Mar\u00eda Pino Su\u00e1rez, as\u00ed como el cambio de drenaje y agua potable, por lo que los ambulantes de la zona tendr\u00e1n que ser reubicados. El alcalde del municipio, Evaristo Hern\u00e1ndez Cruz, [&hellip;]<\/p>\n","protected":false},"author":2,"featured_media":370115,"comment_status":"closed","ping_status":"closed","sticky":false,"template":"","format":"standard","meta":{"footnotes":""},"categories":[9],"tags":[],"class_list":["post-370126","post","type-post","status-publish","format-standard","has-post-thumbnail","hentry","category-politica"],"_links":{"self":[{"href":"https:\/\/diarioavancetabasco.com\/index.php?rest_route=\/wp\/v2\/posts\/370126","targetHints":{"allow":["GET"]}}],"collection":[{"href":"https:\/\/diarioavancetabasco.com\/index.php?rest_route=\/wp\/v2\/posts"}],"about":[{"href":"https:\/\/diarioavancetabasco.com\/index.php?rest_route=\/wp\/v2\/types\/post"}],"author":[{"embeddable":true,"href":"https:\/\/diarioavancetabasco.com\/index.php?rest_route=\/wp\/v2\/users\/2"}],"replies":[{"embeddable":true,"href":"https:\/\/diarioavancetabasco.com\/index.php?rest_route=%2Fwp%2Fv2%2Fcomments&post=370126"}],"version-history":[{"count":2,"href":"https:\/\/diarioavancetabasco.com\/index.php?rest_route=\/wp\/v2\/posts\/370126\/revisions"}],"predecessor-version":[{"id":370167,"href":"https:\/\/diarioavancetabasco.com\/index.php?rest_route=\/wp\/v2\/posts\/370126\/revisions\/370167"}],"wp:featuredmedia":[{"embeddable":true,"href":"https:\/\/diarioavancetabasco.com\/index.php?rest_route=\/wp\/v2\/media\/370115"}],"wp:attachment":[{"href":"https:\/\/diarioavancetabasco.com\/index.php?rest_route=%2Fwp%2Fv2%2Fmedia&parent=370126"}],"wp:term":[{"taxonomy":"category","embeddable":true,"href":"https:\/\/diarioavancetabasco.com\/index.php?rest_route=%2Fwp%2Fv2%2Fcategories&post=370126"},{"taxonomy":"post_tag","embeddable":true,"href":"https:\/\/diarioavancetabasco.com\/index.php?rest_route=%2Fwp%2Fv2%2Ftags&post=370126"}],"curies":[{"name":"wp","href":"https:\/\/api.w.org\/{rel}","templated":true}]}}