{"id":370282,"date":"2019-01-30T21:24:20","date_gmt":"2019-01-31T03:24:20","guid":{"rendered":"http:\/\/diarioavancetabasco.com\/?p=370282"},"modified":"2019-01-30T21:24:20","modified_gmt":"2019-01-31T03:24:20","slug":"trump-felicita-a-guaido","status":"publish","type":"post","link":"https:\/\/diarioavancetabasco.com\/?p=370282","title":{"rendered":"Trump felicita a Guaid\u00f3"},"content":{"rendered":"<style type=\"text\/css\"><!--\np.p1 {margin: 0.0px 0.0px 0.0px 0.0px; text-align: justify; line-height: 10.0px; font: 10.0px Whitman}\np.p2 {margin: 0.0px 0.0px 0.0px 0.0px; text-align: justify; text-indent: 6.0px; line-height: 10.0px; font: 10.0px Whitman}\nspan.s1 {letter-spacing: -0.2px}\n--><\/style>\n<p>El presidente estadounidense, Donald Trump, felicit\u00f3 este mi\u00e9rcoles en una llamada telef\u00f3nica a Juan Guaid\u00f3 por su \u201chist\u00f3rica asunci\u00f3n\u201d a la Presidencia de Venezuela y acord\u00f3 con \u00e9l \u201cmantener comunicaci\u00f3n regular para apoyar el regreso a la estabilidad\u201d del pa\u00eds.<\/p>\n<p>\u201cEl presidente Donald Trump habl\u00f3 hoy con el mandatario interino de Venezuela, Juan Guaid\u00f3, para felicitarle por su hist\u00f3rica asunci\u00f3n de la Presidencia y reiterar su contundente respaldo en la lucha de Venezuela por recuperar su democracia\u201d, indic\u00f3 la portavoz de la Casa Blanca, Sarah Sanders, en un comunicado.<\/p>\n<p>Por su parte, agreg\u00f3 la nota, \u201cel presidente interino Guaid\u00f3 agradeci\u00f3 a Trump el compromiso de EU con la libertad y la prosperidad en Venezuela y la regi\u00f3n, y remarc\u00f3 la importancia de las grandes protestas en toda Venezuela contra el antiguo dictador (el presidente Nicol\u00e1s) Maduro, que se celebrar\u00e1n hoy (Jueves) y el s\u00e1bado\u201d.<\/p>\n","protected":false},"excerpt":{"rendered":"<p>El presidente estadounidense, Donald Trump, felicit\u00f3 este mi\u00e9rcoles en una llamada telef\u00f3nica a Juan Guaid\u00f3 por su \u201chist\u00f3rica asunci\u00f3n\u201d a la Presidencia de Venezuela y acord\u00f3 con \u00e9l \u201cmantener comunicaci\u00f3n regular para apoyar el regreso a la estabilidad\u201d del pa\u00eds. \u201cEl presidente Donald Trump habl\u00f3 hoy con el mandatario interino de Venezuela, Juan Guaid\u00f3, para [&hellip;]<\/p>\n","protected":false},"author":2,"featured_media":370271,"comment_status":"closed","ping_status":"closed","sticky":false,"template":"","format":"standard","meta":{"footnotes":""},"categories":[4],"tags":[],"class_list":["post-370282","post","type-post","status-publish","format-standard","has-post-thumbnail","hentry","category-mundo"],"_links":{"self":[{"href":"https:\/\/diarioavancetabasco.com\/index.php?rest_route=\/wp\/v2\/posts\/370282","targetHints":{"allow":["GET"]}}],"collection":[{"href":"https:\/\/diarioavancetabasco.com\/index.php?rest_route=\/wp\/v2\/posts"}],"about":[{"href":"https:\/\/diarioavancetabasco.com\/index.php?rest_route=\/wp\/v2\/types\/post"}],"author":[{"embeddable":true,"href":"https:\/\/diarioavancetabasco.com\/index.php?rest_route=\/wp\/v2\/users\/2"}],"replies":[{"embeddable":true,"href":"https:\/\/diarioavancetabasco.com\/index.php?rest_route=%2Fwp%2Fv2%2Fcomments&post=370282"}],"version-history":[{"count":1,"href":"https:\/\/diarioavancetabasco.com\/index.php?rest_route=\/wp\/v2\/posts\/370282\/revisions"}],"predecessor-version":[{"id":370283,"href":"https:\/\/diarioavancetabasco.com\/index.php?rest_route=\/wp\/v2\/posts\/370282\/revisions\/370283"}],"wp:featuredmedia":[{"embeddable":true,"href":"https:\/\/diarioavancetabasco.com\/index.php?rest_route=\/wp\/v2\/media\/370271"}],"wp:attachment":[{"href":"https:\/\/diarioavancetabasco.com\/index.php?rest_route=%2Fwp%2Fv2%2Fmedia&parent=370282"}],"wp:term":[{"taxonomy":"category","embeddable":true,"href":"https:\/\/diarioavancetabasco.com\/index.php?rest_route=%2Fwp%2Fv2%2Fcategories&post=370282"},{"taxonomy":"post_tag","embeddable":true,"href":"https:\/\/diarioavancetabasco.com\/index.php?rest_route=%2Fwp%2Fv2%2Ftags&post=370282"}],"curies":[{"name":"wp","href":"https:\/\/api.w.org\/{rel}","templated":true}]}}