{"id":370376,"date":"2019-02-01T00:20:00","date_gmt":"2019-02-01T06:20:00","guid":{"rendered":"http:\/\/diarioavancetabasco.com\/?p=370376"},"modified":"2019-02-01T00:20:59","modified_gmt":"2019-02-01T06:20:59","slug":"rechaza-amlo-reforzar-su-seguridad-personal","status":"publish","type":"post","link":"https:\/\/diarioavancetabasco.com\/?p=370376","title":{"rendered":"Rechaza AMLO reforzar  su seguridad personal"},"content":{"rendered":"<p><!--\np.p1 {margin: 0.0px 0.0px 0.0px 0.0px; text-align: justify; line-height: 10.0px; font: 52.0px Whitman}\np.p2 {margin: 0.0px 0.0px 0.0px 0.0px; text-align: justify; line-height: 10.0px; font: 10.0px Whitman}\np.p3 {margin: 0.0px 0.0px 0.0px 0.0px; text-align: justify; text-indent: 6.0px; line-height: 10.0px; font: 10.0px Whitman}\nspan.s1 {letter-spacing: -0.2px}\n-->Tras recibir una presunta amenaza de ladrones de combustible en Guanajuato, el presidente Andr\u00e9s Manuel L\u00f3pez Obrador rechaz\u00f3 reforzar su seguridad personal.<\/p>\n<p>\u201cEl que lucha por la justicia, no tiene nada que temer\u201d, dijo el mandatario al t\u00e9rmino de la presentaci\u00f3n de los Programas del Bienestar para los habitantes de Tlaxcala.<\/p>\n<p>En su gira de trabajo por esta entidad, L\u00f3pez Obrador lleg\u00f3 al recinto ferial de esta capital a bordo de una camioneta tipo Suburban negra sin ning\u00fan dispositivo de seguridad.<\/p>\n<p>Salud\u00f3 de mano, se tom\u00f3 fotograf\u00edas y dio abrazos a decenas de seguidores que ya lo esperaban desde las 9:00 horas.<\/p>\n<p>A diferencia de su gira de trabajo en Acambay, Estado de M\u00e9xico; Huachinango, Puebla, y Tulancingo, Hidalgo, municipios donde es sabido que se registra robo de combustible y donde fue resguardado por elementos del Ej\u00e9rcito mexicano, en esta gira no cont\u00f3 con seguridad federal.<\/p>\n<p>Solo al t\u00e9rmino del evento una patrulla de la Polic\u00eda Federal escolt\u00f3 la camioneta del Presidente al retirarse del recinto ferial.<\/p>\n","protected":false},"excerpt":{"rendered":"<p>Tras recibir una presunta amenaza de ladrones de combustible en Guanajuato, el presidente Andr\u00e9s Manuel L\u00f3pez Obrador rechaz\u00f3 reforzar su seguridad personal. \u201cEl que lucha por la justicia, no tiene nada que temer\u201d, dijo el mandatario al t\u00e9rmino de la presentaci\u00f3n de los Programas del Bienestar para los habitantes de Tlaxcala. En su gira de [&hellip;]<\/p>\n","protected":false},"author":2,"featured_media":370368,"comment_status":"closed","ping_status":"closed","sticky":false,"template":"","format":"standard","meta":{"footnotes":""},"categories":[3],"tags":[],"class_list":["post-370376","post","type-post","status-publish","format-standard","has-post-thumbnail","hentry","category-nacional"],"_links":{"self":[{"href":"https:\/\/diarioavancetabasco.com\/index.php?rest_route=\/wp\/v2\/posts\/370376","targetHints":{"allow":["GET"]}}],"collection":[{"href":"https:\/\/diarioavancetabasco.com\/index.php?rest_route=\/wp\/v2\/posts"}],"about":[{"href":"https:\/\/diarioavancetabasco.com\/index.php?rest_route=\/wp\/v2\/types\/post"}],"author":[{"embeddable":true,"href":"https:\/\/diarioavancetabasco.com\/index.php?rest_route=\/wp\/v2\/users\/2"}],"replies":[{"embeddable":true,"href":"https:\/\/diarioavancetabasco.com\/index.php?rest_route=%2Fwp%2Fv2%2Fcomments&post=370376"}],"version-history":[{"count":2,"href":"https:\/\/diarioavancetabasco.com\/index.php?rest_route=\/wp\/v2\/posts\/370376\/revisions"}],"predecessor-version":[{"id":370434,"href":"https:\/\/diarioavancetabasco.com\/index.php?rest_route=\/wp\/v2\/posts\/370376\/revisions\/370434"}],"wp:featuredmedia":[{"embeddable":true,"href":"https:\/\/diarioavancetabasco.com\/index.php?rest_route=\/wp\/v2\/media\/370368"}],"wp:attachment":[{"href":"https:\/\/diarioavancetabasco.com\/index.php?rest_route=%2Fwp%2Fv2%2Fmedia&parent=370376"}],"wp:term":[{"taxonomy":"category","embeddable":true,"href":"https:\/\/diarioavancetabasco.com\/index.php?rest_route=%2Fwp%2Fv2%2Fcategories&post=370376"},{"taxonomy":"post_tag","embeddable":true,"href":"https:\/\/diarioavancetabasco.com\/index.php?rest_route=%2Fwp%2Fv2%2Ftags&post=370376"}],"curies":[{"name":"wp","href":"https:\/\/api.w.org\/{rel}","templated":true}]}}