{"id":370380,"date":"2019-02-01T00:21:51","date_gmt":"2019-02-01T06:21:51","guid":{"rendered":"http:\/\/diarioavancetabasco.com\/?p=370380"},"modified":"2019-02-01T00:21:56","modified_gmt":"2019-02-01T06:21:56","slug":"mas-de-600-taxis-piratas-saldran-de-circulacion","status":"publish","type":"post","link":"https:\/\/diarioavancetabasco.com\/?p=370380","title":{"rendered":"M\u00e1s de 600 taxis piratas saldr\u00e1n de circulaci\u00f3n"},"content":{"rendered":"<p><!--\np.p1 {margin: 0.0px 0.0px 0.0px 0.0px; text-align: justify; line-height: 10.0px; font: 52.0px Whitman}\np.p2 {margin: 0.0px 0.0px 0.0px 0.0px; text-align: justify; line-height: 10.0px; font: 10.0px Whitman}\np.p3 {margin: 0.0px 0.0px 0.0px 0.0px; text-align: justify; text-indent: 6.0px; line-height: 10.0px; font: 10.0px Whitman}\nspan.s1 {letter-spacing: -0.2px}\n-->En rueda de prensa, los socios\u00a0 de la Uni\u00f3n de Taxis Amarillos del municipio de Centro, informaron que seg\u00fan una sentencia de un juez de Distrito del estado de Chiapas, m\u00e1s de 600 unidades\u00a0 con numeraci\u00f3n seis mil, nueve mil\u00a0 y del 072 en adelante deben de salir de circulaci\u00f3n de manera inmediata.<\/p>\n<p>Ignacio Hern\u00e1ndez Ram\u00f3n, en representaci\u00f3n de un grupo de concesionarios que se dicen afectados por la circulaci\u00f3n de taxis piratas se\u00f1al\u00f3 que el pasado 11 de febrero,\u00a0 emiti\u00f3 una sentencia a favor de la parte promovente, la desaparecida Secretar\u00eda de Comunicaciones y Transportes, ahora Secretar\u00eda de Movilidad, por lo que hizo un llamado al gobernador Ad\u00e1n Augusto L\u00f3pez Hern\u00e1ndez para que haga cumplir la ley.<\/p>\n<p>Por ello coment\u00f3 que el pasado 30 de enero se llev\u00f3 a cabo una asamblea de socios y no se abord\u00f3 el tema por lo que est\u00e1n alertando a los usuarios de que no utilicen estas unidades, pues asegura de que son un riesgo para la seguridad de los\u00a0 pasajeros por que no tienen un respaldo legal para brindar el servicio.<\/p>\n","protected":false},"excerpt":{"rendered":"<p>En rueda de prensa, los socios\u00a0 de la Uni\u00f3n de Taxis Amarillos del municipio de Centro, informaron que seg\u00fan una sentencia de un juez de Distrito del estado de Chiapas, m\u00e1s de 600 unidades\u00a0 con numeraci\u00f3n seis mil, nueve mil\u00a0 y del 072 en adelante deben de salir de circulaci\u00f3n de manera inmediata. Ignacio Hern\u00e1ndez [&hellip;]<\/p>\n","protected":false},"author":2,"featured_media":370366,"comment_status":"closed","ping_status":"closed","sticky":false,"template":"","format":"standard","meta":{"footnotes":""},"categories":[9],"tags":[],"class_list":["post-370380","post","type-post","status-publish","format-standard","has-post-thumbnail","hentry","category-politica"],"_links":{"self":[{"href":"https:\/\/diarioavancetabasco.com\/index.php?rest_route=\/wp\/v2\/posts\/370380","targetHints":{"allow":["GET"]}}],"collection":[{"href":"https:\/\/diarioavancetabasco.com\/index.php?rest_route=\/wp\/v2\/posts"}],"about":[{"href":"https:\/\/diarioavancetabasco.com\/index.php?rest_route=\/wp\/v2\/types\/post"}],"author":[{"embeddable":true,"href":"https:\/\/diarioavancetabasco.com\/index.php?rest_route=\/wp\/v2\/users\/2"}],"replies":[{"embeddable":true,"href":"https:\/\/diarioavancetabasco.com\/index.php?rest_route=%2Fwp%2Fv2%2Fcomments&post=370380"}],"version-history":[{"count":2,"href":"https:\/\/diarioavancetabasco.com\/index.php?rest_route=\/wp\/v2\/posts\/370380\/revisions"}],"predecessor-version":[{"id":370436,"href":"https:\/\/diarioavancetabasco.com\/index.php?rest_route=\/wp\/v2\/posts\/370380\/revisions\/370436"}],"wp:featuredmedia":[{"embeddable":true,"href":"https:\/\/diarioavancetabasco.com\/index.php?rest_route=\/wp\/v2\/media\/370366"}],"wp:attachment":[{"href":"https:\/\/diarioavancetabasco.com\/index.php?rest_route=%2Fwp%2Fv2%2Fmedia&parent=370380"}],"wp:term":[{"taxonomy":"category","embeddable":true,"href":"https:\/\/diarioavancetabasco.com\/index.php?rest_route=%2Fwp%2Fv2%2Fcategories&post=370380"},{"taxonomy":"post_tag","embeddable":true,"href":"https:\/\/diarioavancetabasco.com\/index.php?rest_route=%2Fwp%2Fv2%2Ftags&post=370380"}],"curies":[{"name":"wp","href":"https:\/\/api.w.org\/{rel}","templated":true}]}}